{"id":155718,"date":"2025-11-17T21:58:14","date_gmt":"2025-11-17T21:58:14","guid":{"rendered":"https:\/\/www.europesays.com\/pt\/155718\/"},"modified":"2025-11-17T21:58:14","modified_gmt":"2025-11-17T21:58:14","slug":"ao-som-de-go-go-do-bts-jimin-e-junkook-se-divertem-em-novo-trailer-de-are-you-sure","status":"publish","type":"post","link":"https:\/\/www.europesays.com\/pt\/155718\/","title":{"rendered":"Ao som de &#8216;Go Go&#8217;, do BTS, Jimin e Junkook se divertem em novo trailer de &#8216;Are You Sure?!&#8217;"},"content":{"rendered":"<p>Na noite do \u00faltimo domingo, 17, o Disney+ presenteou os f\u00e3s do <a href=\"https:\/\/recreio.com.br\/tags\/bts\" target=\"_blank\" rel=\"noopener nofollow\">BTS<\/a> com mais uma pr\u00e9via de \u201cAre You Sure?!\u201d, reality show que acompanha <strong><a href=\"https:\/\/www.instagram.com\/j.m\/\" target=\"_blank\" rel=\"noopener nofollow\">Jimin<\/a><\/strong>\u00a0e <a href=\"https:\/\/pt.wikipedia.org\/wiki\/Jeon_Jung-kook\" target=\"_blank\" rel=\"noopener nofollow\"><strong>Jungkook<\/strong><\/a>\u00a0se divertindo em viagens ao redor do mundo.<\/p>\n<p>Com a revela\u00e7\u00e3o do trailer, o ARMY [nome do fandom] p\u00f4de conferir a dupla se arriscando em atividades na \u00e1gua, nas montanhas e at\u00e9 mesmo no c\u00e9u em meio h\u00e1 dias cobertos por neve ou repletos de sol, os quais v\u00e3o ganhando vislumbres enquanto \u201cGo Go\u201d, faixa do BTS lan\u00e7ada em 2017 dentro do \u00e1lbum \u201c<a href=\"https:\/\/pt.wikipedia.org\/wiki\/Love_Yourself:_Her\" target=\"_blank\" rel=\"noopener nofollow\">Love Yourself: Her<\/a>\u201c, \u00e9 tocada ao fundo guiando a nova jornada.<\/p>\n<p>Al\u00e9m disso, \u00e9 poss\u00edvel ver os dois trocando risadas at\u00e9 mesmo durante as refei\u00e7\u00f5es compartilhadas, destacando o quanto a dupla est\u00e1 aproveitando todas as experi\u00eancias em conjunto; veja:<\/p>\n<p>Vale lembrar que, dessa vez, \u201cAre You Sure?!\u201d acompanhar\u00e1 as vozes de \u201cStanding Next To You\u201d e \u201cLike Crazy\u201d ap\u00f3s receberem a dispensa do servi\u00e7o militar obrigat\u00f3rio coreano, em uma viagem de 12 dias que passa pela Su\u00ed\u00e7a e pelo Vietn\u00e3.<\/p>\n<p>Ao todo, ser\u00e3o oito epis\u00f3dios lan\u00e7ados para revelar o que a dupla fez durante os passeios, dessa forma, os dois primeiros epis\u00f3dios da 2\u00aa temporada ser\u00e3o lan\u00e7ados juntos em 3 de dezembro, seguidos por dois novos epis\u00f3dios semanais revelados todas as quartas-feiras no cat\u00e1logo do <a href=\"https:\/\/www.disneyplus.com\/pt-br\" target=\"_blank\" rel=\"noopener nofollow\">Disney+<\/a>.<\/p>\n<p> Mais sobre \u201cAre You Sure?!\u201d <\/p>\n<p>Em 3 de agosto de 2024, foram lan\u00e7ados os primeiros cap\u00edtulos de\u201dAre You Sure?!\u201d, que com 8 epis\u00f3dios acompanhou <strong>Jimin<\/strong> e <strong>Jungkook<\/strong> em uma viagem que passou pelo ver\u00e3o nos Estados Unidos, o outono na Ilha de Jeju, na Coreia do Sul e o\u00a0inverno em Sapporo, no Jap\u00e3o, mostrando a dupla em atividades como canoagem, pescaria, trilha, mergulho e at\u00e9 mesmo esqui na neve.<\/p>\n<p>Na primeira temporada, os dois embarcaram na aventura antes de se alistarem juntos ao ex\u00e9rcito em dezembro de 2023. A dupla foi dispensada dos afazeres militares em junho de 2025, e agora est\u00e3o trabalhando ao lado de <strong>RM, V, Jin, J-Hope<\/strong> e <strong>Suga<\/strong> para o aguardado comeback completo do BTS, que acontecer\u00e1 em 2026 com o lan\u00e7amento de um novo \u00e1lbum e uma turn\u00ea mundial.<\/p>\n<p>        <a href=\"https:\/\/recreio.com.br\/noticias\/author\/izabela-queiroz\" rel=\"nofollow noopener\" target=\"_blank\">&#13;<br \/>\n          <img alt=\"Izabela Queiroz\" src=\"https:\/\/www.europesays.com\/pt\/wp-content\/uploads\/2025\/11\/1763416694_334_73c0b9c1056486c3f0ac887fc031213cdd608512c3b419d28e1ba5da81c3eb12\"  class=\"avatar avatar-115 photo rounded-circle mr-3\" height=\"115\" width=\"115\" loading=\"lazy\" decoding=\"async\"\/>        <\/a><\/p>\n<p>Izabela Queiroz, jornalista por paix\u00e3o e cin\u00e9fila de carteirinha. Formada pela UNINOVE, encontrou na escrita o lugar ideal para unir tudo o que mais gosta: filmes, s\u00e9ries e m\u00fasica. Nos textos, h\u00e1 quase sempre refer\u00eancias a algo relacionado \u00e0 cultura pop que a marcou. Fora deles, a encontrar\u00e1 assistindo hist\u00f3rias com reviravoltas chocantes, romances cativantes e dramas que a fazem chorar.<\/p>\n<p>\t                                            <script async src=\"\/\/www.instagram.com\/embed.js\"><\/script><\/p>\n","protected":false},"excerpt":{"rendered":"Na noite do \u00faltimo domingo, 17, o Disney+ presenteou os f\u00e3s do BTS com mais uma pr\u00e9via de&hellip;\n","protected":false},"author":2,"featured_media":155719,"comment_status":"","ping_status":"","sticky":false,"template":"","format":"standard","meta":{"footnotes":""},"categories":[141],"tags":[33450,2344,1579,114,115,8003,33451,149,150,32,33],"class_list":{"0":"post-155718","1":"post","2":"type-post","3":"status-publish","4":"format-standard","5":"has-post-thumbnail","7":"category-musica","8":"tag-are-you-sure","9":"tag-bts","10":"tag-disney","11":"tag-entertainment","12":"tag-entretenimento","13":"tag-jimin","14":"tag-jugkook","15":"tag-music","16":"tag-musica","17":"tag-portugal","18":"tag-pt"},"share_on_mastodon":{"url":"https:\/\/pubeurope.com\/@pt\/115567283784097797","error":""},"_links":{"self":[{"href":"https:\/\/www.europesays.com\/pt\/wp-json\/wp\/v2\/posts\/155718","targetHints":{"allow":["GET"]}}],"collection":[{"href":"https:\/\/www.europesays.com\/pt\/wp-json\/wp\/v2\/posts"}],"about":[{"href":"https:\/\/www.europesays.com\/pt\/wp-json\/wp\/v2\/types\/post"}],"author":[{"embeddable":true,"href":"https:\/\/www.europesays.com\/pt\/wp-json\/wp\/v2\/users\/2"}],"replies":[{"embeddable":true,"href":"https:\/\/www.europesays.com\/pt\/wp-json\/wp\/v2\/comments?post=155718"}],"version-history":[{"count":0,"href":"https:\/\/www.europesays.com\/pt\/wp-json\/wp\/v2\/posts\/155718\/revisions"}],"wp:featuredmedia":[{"embeddable":true,"href":"https:\/\/www.europesays.com\/pt\/wp-json\/wp\/v2\/media\/155719"}],"wp:attachment":[{"href":"https:\/\/www.europesays.com\/pt\/wp-json\/wp\/v2\/media?parent=155718"}],"wp:term":[{"taxonomy":"category","embeddable":true,"href":"https:\/\/www.europesays.com\/pt\/wp-json\/wp\/v2\/categories?post=155718"},{"taxonomy":"post_tag","embeddable":true,"href":"https:\/\/www.europesays.com\/pt\/wp-json\/wp\/v2\/tags?post=155718"}],"curies":[{"name":"wp","href":"https:\/\/api.w.org\/{rel}","templated":true}]}}