{"id":155720,"date":"2025-11-17T22:00:10","date_gmt":"2025-11-17T22:00:10","guid":{"rendered":"https:\/\/www.europesays.com\/pt\/155720\/"},"modified":"2025-11-17T22:00:10","modified_gmt":"2025-11-17T22:00:10","slug":"perder-o-jardel-na-segunda-epoca-foi-uma-grande-derrota-observador","status":"publish","type":"post","link":"https:\/\/www.europesays.com\/pt\/155720\/","title":{"rendered":"&#8220;Perder o Jardel na segunda \u00e9poca foi uma grande derrota&#8221; \u2013 Observador"},"content":{"rendered":"<p>N\u00e3o \u00e9 propriamente uma novidade, j\u00e1 que M\u00e1rio Jardel reconheceu h\u00e1 mais de uma d\u00e9cada que consumiu coca\u00edna enquanto era jogador de futebol. O que nunca tinha acontecido at\u00e9 agora, na verdade, era <strong>um testemunho t\u00e3o verdadeiro e pormenorizado como o que L\u00e1szl\u00f3 B\u00f6l\u00f6ni deu<\/strong> nos \u00faltimos dias sobre o tempo que passou com o avan\u00e7ado brasileiro no Sporting.<\/p>\n<p>Em entrevista ao podcast \u201cVorbitorinciim\u201d, na Rom\u00e9nia, o treinador que foi campe\u00e3o nacional pelos le\u00f5es em 2001\/02 falou pela primeira vez sobre o consumo de drogas de M\u00e1rio Jardel enquanto este estava em Alvalade. Questionado sobre o jogador mais problem\u00e1tico que orientou ao longo de toda a carreira, <strong>L\u00e1szl\u00f3 B\u00f6l\u00f6ni n\u00e3o teve d\u00favidas na hora de eleger o brasileiro<\/strong> e lembrou a temporada 2002\/03, a seguinte \u00e0 conquista do Campeonato, em que o avan\u00e7ado falhou 15 das 34 jornadas por alegados testes positivos a coca\u00edna.<\/p>\n<blockquote class=\"wp-embedded-content\" data-secret=\"4EQ0lPmME2\">\n<p><a href=\"https:\/\/observador.pt\/2019\/07\/17\/e-uma-vida-nova-sem-bebida-sem-drogas-sem-prostituicao-as-confissoes-de-jardel-aos-45-anos\/\" rel=\"nofollow noopener\" target=\"_blank\">\u201c\u00c9 uma vida nova, sem bebida, sem drogas, sem prostitui\u00e7\u00e3o\u201d. As confiss\u00f5es de Jardel, aos 45 anos<\/a><\/p>\n<\/blockquote>\n<p>\u201cO jogador mais dif\u00edcil de treinar e aquele com quem tive mais problemas foi o Jardel.<strong> O pai e a m\u00e3e dele eram alco\u00f3licos, o problema era esse.<\/strong> Eu escrevia a equipa no quadro, na presen\u00e7a dos jogadores, colocava-o no onze e o m\u00e9dico fazia-me sinal de que n\u00e3o era poss\u00edvel porque o Jardel estava com\u2026 [passou os dedos pelo nariz]. Eles faziam o teste, para percebermos se o m\u00e9dico podia dar luz verde para jogar, e ele estava positivo\u201d, revelou o romeno, atualmente com 72 anos.<\/p>\n<p>Mais \u00e0 frente, o treinador lembrou a maneira como tentou ajudar M\u00e1rio Jardel. \u201cEu era um treinador jovem, fiz um grande esfor\u00e7o. Estou em paz com a minha consci\u00eancia, fiz o que pensava estar certo. Um dia disse-lhe: \u2018Ouve, vou levar-te para o est\u00e1gio comigo. Vamos e ficamos l\u00e1 fechados, eu no meu quarto e tu no teu. Conversamos, comemos, treinamos, corremos\u2019. Ele concordou. <strong>Fiquei com as chaves do carro e dormi com ele no centro de est\u00e1gios.<\/strong> Eu estava a fazer horas extra nessa segunda \u00e9poca. Al\u00e9m disso, telefonava para o Brasil, falava com a mulher dele, a Karen, e com a filha. Come\u00e7ou tudo bem, mas depois tornou-se terr\u00edvel\u201d, come\u00e7ou por contar.<\/p>\n<p>\u201cAo fim de seis dias ele disse-me: \u2018N\u00e3o me sinto bem, vou ter de sair durante algum tempo, mas volto\u2019. Respondi-lhe: \u2018M\u00e1rio, eu conhe\u00e7o-te. N\u00e3o vais a lado nenhum. Vamos l\u00e1 fora, vamos correr, fazer um exerc\u00edcio\u2019. E ele: \u2018Sim, sim, mas eu volto\u2019. Eu sabia que ele nunca mais iria voltar. <strong>Fez uma chamada, chegou um t\u00e1xi e ele desapareceu.<\/strong> Ele de facto apareceu no dia seguinte, mas o m\u00e9dico come\u00e7ou a acenar-me\u2026\u201d, acrescentou.<\/p>\n<blockquote class=\"wp-embedded-content\" data-secret=\"2EpAzivpE7\">\n<p><a href=\"https:\/\/observador.pt\/2021\/06\/22\/boloni-cristiano-nunca-superava-o-jardel-e-nao-aceitava-isso-dizia-vamos-mister-mais-uma-serie-mais-uma-serie\/\" rel=\"nofollow noopener\" target=\"_blank\">B\u00f6l\u00f6ni: \u201cCristiano nunca superava o Jardel e n\u00e3o aceitava isso. Dizia \u2018Vamos mister, mais uma s\u00e9rie, mais uma s\u00e9rie\u2019\u201d<\/a><\/p>\n<\/blockquote>\n<p>No final dessa temporada, M\u00e1rio Jardel saiu para o Bolton a troco de pouco mais de 1,5 milh\u00f5es de euros e L\u00e1szl\u00f3 B\u00f6l\u00f6ni, que n\u00e3o tinha ido al\u00e9m de um terceiro lugar depois de ser campe\u00e3o na \u00e9poca anterior, rumou ao Rennes de Fran\u00e7a. <strong>\u201cPerder o M\u00e1rio Jardel na minha segunda \u00e9poca no Sporting foi uma grande derrota para mim.<\/strong> Ele tinha marcado mais de 40 golos na primeira temporada, na segunda estava com seis\u201d, lamentou o treinador romeno, que est\u00e1 sem clube desde que saiu do Metz em julho do ano passado.<\/p>\n<p>De recordar que, em 2008 e quando M\u00e1rio Jardel assumiu publicamente que consumiu coca\u00edna enquanto jogou futebol, o antigo diretor do laborat\u00f3rio de an\u00e1lises do Conselho Nacional Antidopagem, Lu\u00eds Horta, sublinhou que o avan\u00e7ado brasileiro <strong>nunca tinha tido um controlo antidoping positivo enquanto atuou em Portugal,<\/strong> entre FC Porto (1996-2000), Sporting (2001-2003) e Beira-Mar (2006\/07). Ou seja, o consumo de estupefacientes de M\u00e1rio Jardel seria feito entre jogos, algo agora tamb\u00e9m confirmado por L\u00e1szl\u00f3 B\u00f6l\u00f6ni.<\/p>\n","protected":false},"excerpt":{"rendered":"N\u00e3o \u00e9 propriamente uma novidade, j\u00e1 que M\u00e1rio Jardel reconheceu h\u00e1 mais de uma d\u00e9cada que consumiu coca\u00edna&hellip;\n","protected":false},"author":2,"featured_media":155721,"comment_status":"","ping_status":"","sticky":false,"template":"","format":"standard","meta":{"footnotes":""},"categories":[87],"tags":[135,282,524,32,33,34,134],"class_list":{"0":"post-155720","1":"post","2":"type-post","3":"status-publish","4":"format-standard","5":"has-post-thumbnail","7":"category-desporto","8":"tag-desporto","9":"tag-fc-porto","10":"tag-futebol","11":"tag-portugal","12":"tag-pt","13":"tag-sporting","14":"tag-sports"},"share_on_mastodon":{"url":"https:\/\/pubeurope.com\/@pt\/115567291569827721","error":""},"_links":{"self":[{"href":"https:\/\/www.europesays.com\/pt\/wp-json\/wp\/v2\/posts\/155720","targetHints":{"allow":["GET"]}}],"collection":[{"href":"https:\/\/www.europesays.com\/pt\/wp-json\/wp\/v2\/posts"}],"about":[{"href":"https:\/\/www.europesays.com\/pt\/wp-json\/wp\/v2\/types\/post"}],"author":[{"embeddable":true,"href":"https:\/\/www.europesays.com\/pt\/wp-json\/wp\/v2\/users\/2"}],"replies":[{"embeddable":true,"href":"https:\/\/www.europesays.com\/pt\/wp-json\/wp\/v2\/comments?post=155720"}],"version-history":[{"count":0,"href":"https:\/\/www.europesays.com\/pt\/wp-json\/wp\/v2\/posts\/155720\/revisions"}],"wp:featuredmedia":[{"embeddable":true,"href":"https:\/\/www.europesays.com\/pt\/wp-json\/wp\/v2\/media\/155721"}],"wp:attachment":[{"href":"https:\/\/www.europesays.com\/pt\/wp-json\/wp\/v2\/media?parent=155720"}],"wp:term":[{"taxonomy":"category","embeddable":true,"href":"https:\/\/www.europesays.com\/pt\/wp-json\/wp\/v2\/categories?post=155720"},{"taxonomy":"post_tag","embeddable":true,"href":"https:\/\/www.europesays.com\/pt\/wp-json\/wp\/v2\/tags?post=155720"}],"curies":[{"name":"wp","href":"https:\/\/api.w.org\/{rel}","templated":true}]}}