{"id":155726,"date":"2025-11-17T22:04:09","date_gmt":"2025-11-17T22:04:09","guid":{"rendered":"https:\/\/www.europesays.com\/pt\/155726\/"},"modified":"2025-11-17T22:04:09","modified_gmt":"2025-11-17T22:04:09","slug":"estes-boxers-calvin-klein-estao-com-desconto-recorde-na-black-friday-antecipada-da-amazon-moda-e-cuidado-pessoal","status":"publish","type":"post","link":"https:\/\/www.europesays.com\/pt\/155726\/","title":{"rendered":"Estes boxers Calvin Klein est\u00e3o com desconto recorde na Black Friday antecipada da Amazon &#8211; Moda e Cuidado pessoal"},"content":{"rendered":"<p class=\"corpo-noticia__paragrafo\">Os boxers Calvin Klein s\u00e3o h\u00e1 d\u00e9cadas uma refer\u00eancia incontorn\u00e1vel na roupa interior masculina, combinando conforto, simplicidade e aquele toque de estilo que a marca americana transformou num padr\u00e3o global. O algod\u00e3o macio, a elasticidade equilibrada e a ic\u00f3nica banda el\u00e1stica com o log\u00f3tipo tornam estas pe\u00e7as um cl\u00e1ssico escolhido tanto para uso di\u00e1rio como para quem procura um visual moderno e discreto. <a href=\"https:\/\/amzn.to\/49pO1pR\" target=\"_blank\" rel=\"nofollow noopener\">A fama mundial deve-se precisamente a esta f\u00f3rmula perfeita entre qualidade consistente, design minimalista e durabilidade acima da m\u00e9dia, caracter\u00edsticas que colocam estes boxers entre os mais vendidos em todo o mundo<\/a>.<\/p>\n<p class=\"corpo-noticia__paragrafo\">Com a aproxima\u00e7\u00e3o da Black Friday, um dos conjuntos mais procurados chega agora \u00e0 Amazon com uma das melhores oportunidades do ano. <a href=\"https:\/\/amzn.to\/49pO1pR\" target=\"_blank\" rel=\"nofollow noopener\">O pack de tr\u00eas unidades, conhecido pelo ajuste confort\u00e1vel e respir\u00e1vel, surge a menos de 19\u20ac, um valor 60 por cento inferior ao habitual e ainda 40 por cento abaixo do menor pre\u00e7o praticado nos \u00faltimos trinta dias.<\/a> <\/p>\n<p>                <img draggable=\"false\" class=\"b-lazy produto__image\"\/><\/p>\n<p class=\"produto__nome\">Pack de tr\u00eas boxers Calvin Klein em preto <\/p>\n<p>                    <a class=\"botao\" href=\"https:\/\/amzn.to\/49pO1pR\" target=\"_blank\" title=\"\" index=\"posi\u00e7\u00e3o no bloco\" module_name=\"ProdutoDestaque\" rel=\"sponsored nofollow noopener\">VER PRE\u00c7O<\/a><\/p>\n<p class=\"corpo-noticia__paragrafo\">Para quem acompanha tend\u00eancias e boas compras, esta \u00e9 a altura ideal para renovar a gaveta de roupa interior com um produto premium a um pre\u00e7o raramente visto, numa combina\u00e7\u00e3o dif\u00edcil de ignorar para qualquer consumidor atento.<\/p>\n","protected":false},"excerpt":{"rendered":"Os boxers Calvin Klein s\u00e3o h\u00e1 d\u00e9cadas uma refer\u00eancia incontorn\u00e1vel na roupa interior masculina, combinando conforto, simplicidade e&hellip;\n","protected":false},"author":2,"featured_media":155727,"comment_status":"","ping_status":"","sticky":false,"template":"","format":"standard","meta":{"footnotes":""},"categories":[83],"tags":[514,2012,33455,88,33454,89,90,33453,32,2064,33],"class_list":{"0":"post-155726","1":"post","2":"type-post","3":"status-publish","4":"format-standard","5":"has-post-thumbnail","7":"category-empresas","8":"tag-amazon","9":"tag-black-friday","10":"tag-boxers","11":"tag-business","12":"tag-calvin-klein","13":"tag-economy","14":"tag-empresas","15":"tag-moda-masculina","16":"tag-portugal","17":"tag-promocoes","18":"tag-pt"},"share_on_mastodon":{"url":"https:\/\/pubeurope.com\/@pt\/115567307251189275","error":""},"_links":{"self":[{"href":"https:\/\/www.europesays.com\/pt\/wp-json\/wp\/v2\/posts\/155726","targetHints":{"allow":["GET"]}}],"collection":[{"href":"https:\/\/www.europesays.com\/pt\/wp-json\/wp\/v2\/posts"}],"about":[{"href":"https:\/\/www.europesays.com\/pt\/wp-json\/wp\/v2\/types\/post"}],"author":[{"embeddable":true,"href":"https:\/\/www.europesays.com\/pt\/wp-json\/wp\/v2\/users\/2"}],"replies":[{"embeddable":true,"href":"https:\/\/www.europesays.com\/pt\/wp-json\/wp\/v2\/comments?post=155726"}],"version-history":[{"count":0,"href":"https:\/\/www.europesays.com\/pt\/wp-json\/wp\/v2\/posts\/155726\/revisions"}],"wp:featuredmedia":[{"embeddable":true,"href":"https:\/\/www.europesays.com\/pt\/wp-json\/wp\/v2\/media\/155727"}],"wp:attachment":[{"href":"https:\/\/www.europesays.com\/pt\/wp-json\/wp\/v2\/media?parent=155726"}],"wp:term":[{"taxonomy":"category","embeddable":true,"href":"https:\/\/www.europesays.com\/pt\/wp-json\/wp\/v2\/categories?post=155726"},{"taxonomy":"post_tag","embeddable":true,"href":"https:\/\/www.europesays.com\/pt\/wp-json\/wp\/v2\/tags?post=155726"}],"curies":[{"name":"wp","href":"https:\/\/api.w.org\/{rel}","templated":true}]}}