{"id":155730,"date":"2025-11-17T22:06:14","date_gmt":"2025-11-17T22:06:14","guid":{"rendered":"https:\/\/www.europesays.com\/pt\/155730\/"},"modified":"2025-11-17T22:06:14","modified_gmt":"2025-11-17T22:06:14","slug":"condutor-que-transportava-combustivel-ferido-em-colisao-com-carrinha-em-braga","status":"publish","type":"post","link":"https:\/\/www.europesays.com\/pt\/155730\/","title":{"rendered":"Condutor que transportava combust\u00edvel ferido em colis\u00e3o com carrinha em Braga"},"content":{"rendered":"<p data-remotead-prev-elm=\"true\" data-remotead-elm-id=\"inread\">A v\u00edtima, de cerca de 40 anos, sofreu politraumatismos e seguiu para as urg\u00eancias do Hospital Central de Braga, acompanhada por uma equipa de medicina e de enfermagem do INEM, que tamb\u00e9m prestou assist\u00eancia no local da ocorr\u00eancia. O homem, que conduzia o ve\u00edculo de transporte de combust\u00edveis, teve de ser desencarcerado porque ficou preso entre o local do condutor e a viatura de mercadorias.<\/p>\n<p><img decoding=\"async\" class=\"ngx-body\" guid=\"e1973fa3-5fd1-4c6d-a735-3945282129d0\" src=\"https:\/\/www.europesays.com\/pt\/wp-content\/uploads\/2025\/11\/1763417174_880_image.jpg\" width=\"100%\"\/><br \/>Foto: Paulo Seabrete<\/p>\n<p>Segundo o comandante do Batalh\u00e3o de Sapadores Bombeiros de Braga, Nuno Os\u00f3rio, foi enviado para o local o ve\u00edculo de prote\u00e7\u00e3o de multirriscos e ambiente, dado ao tipo de perigo acrescido.<\/p>\n<p>No local, estiveram os Sapadores Bombeiros de Braga e o Destacamento de Tr\u00e2nsito do Comando Territorial da GNR, num total de 23 operacionais e oito ve\u00edculos, destacados pelo Comando Subregional do C\u00e1vado da Autoridade Nacional de Emerg\u00eancia e Prote\u00e7\u00e3o Civil (ANEPC).<\/p>\n","protected":false},"excerpt":{"rendered":"A v\u00edtima, de cerca de 40 anos, sofreu politraumatismos e seguiu para as urg\u00eancias do Hospital Central de&hellip;\n","protected":false},"author":2,"featured_media":155731,"comment_status":"","ping_status":"","sticky":false,"template":"","format":"standard","meta":{"footnotes":""},"categories":[10],"tags":[59,27,28,22615,15,16,14,25,26,21,22,12,13,19,20,32,23,24,33,17,18,29,30,31],"class_list":{"0":"post-155730","1":"post","2":"type-post","3":"status-publish","4":"format-standard","5":"has-post-thumbnail","7":"category-portugal","8":"tag-acidente","9":"tag-breaking-news","10":"tag-breakingnews","11":"tag-concelho-braga","12":"tag-featured-news","13":"tag-featurednews","14":"tag-headlines","15":"tag-latest-news","16":"tag-latestnews","17":"tag-main-news","18":"tag-mainnews","19":"tag-news","20":"tag-noticias","21":"tag-noticias-principais","22":"tag-noticiasprincipais","23":"tag-portugal","24":"tag-principais-noticias","25":"tag-principaisnoticias","26":"tag-pt","27":"tag-top-stories","28":"tag-topstories","29":"tag-ultimas","30":"tag-ultimas-noticias","31":"tag-ultimasnoticias"},"share_on_mastodon":{"url":"https:\/\/pubeurope.com\/@pt\/115567315379682941","error":""},"_links":{"self":[{"href":"https:\/\/www.europesays.com\/pt\/wp-json\/wp\/v2\/posts\/155730","targetHints":{"allow":["GET"]}}],"collection":[{"href":"https:\/\/www.europesays.com\/pt\/wp-json\/wp\/v2\/posts"}],"about":[{"href":"https:\/\/www.europesays.com\/pt\/wp-json\/wp\/v2\/types\/post"}],"author":[{"embeddable":true,"href":"https:\/\/www.europesays.com\/pt\/wp-json\/wp\/v2\/users\/2"}],"replies":[{"embeddable":true,"href":"https:\/\/www.europesays.com\/pt\/wp-json\/wp\/v2\/comments?post=155730"}],"version-history":[{"count":0,"href":"https:\/\/www.europesays.com\/pt\/wp-json\/wp\/v2\/posts\/155730\/revisions"}],"wp:featuredmedia":[{"embeddable":true,"href":"https:\/\/www.europesays.com\/pt\/wp-json\/wp\/v2\/media\/155731"}],"wp:attachment":[{"href":"https:\/\/www.europesays.com\/pt\/wp-json\/wp\/v2\/media?parent=155730"}],"wp:term":[{"taxonomy":"category","embeddable":true,"href":"https:\/\/www.europesays.com\/pt\/wp-json\/wp\/v2\/categories?post=155730"},{"taxonomy":"post_tag","embeddable":true,"href":"https:\/\/www.europesays.com\/pt\/wp-json\/wp\/v2\/tags?post=155730"}],"curies":[{"name":"wp","href":"https:\/\/api.w.org\/{rel}","templated":true}]}}