{"id":15574,"date":"2025-08-04T13:28:09","date_gmt":"2025-08-04T13:28:09","guid":{"rendered":"https:\/\/www.europesays.com\/pt\/15574\/"},"modified":"2025-08-04T13:28:09","modified_gmt":"2025-08-04T13:28:09","slug":"russia-e-eua-em-tensao-apos-ameacas","status":"publish","type":"post","link":"https:\/\/www.europesays.com\/pt\/15574\/","title":{"rendered":"R\u00fassia e EUA em Tens\u00e3o ap\u00f3s Amea\u00e7as"},"content":{"rendered":"<p>A R\u00fassia advertiu esta segunda-feira, 4 de agosto, que n\u00e3o h\u00e1 vencedores numa guerra at\u00f3mica, depois de o Presidente dos Estados Unidos ter anunciado a mobiliza\u00e7\u00e3o de dois submarinos nucleares em resposta a uma alegada amea\u00e7a russa.<\/p>\n<p>\u201c<strong>Numa guerra nuclear n\u00e3o h\u00e1 vencedores\u201d, disse o porta-voz do Kremlin (presid\u00eancia), Dmitry Peskov na confer\u00eancia de imprensa telef\u00f3nica di\u00e1ria<\/strong>, citado pela ag\u00eancia de not\u00edcias espanhola EFE.<\/p>\n<p>Peskov pediu cautela nas declara\u00e7\u00f5es sobre arsenais nucleares.<\/p>\n<p>\u201cPensamos que toda a gente deve ter muito cuidado com o que diz sobre a quest\u00e3o nuclear\u201d, afirmou Peskov, tamb\u00e9m citado pela ag\u00eancia de not\u00edcias France-Presse (AFP).<\/p>\n<p><strong>Donald Trump anunciou na sexta-feira a desloca\u00e7\u00e3o de dois submarinos nucleares para \u201czonas apropriadas\u201d, que n\u00e3o especificou, em resposta a \u201ccoment\u00e1rios provocat\u00f3rios\u201d do antigo presidente russo Dmitri Medvedev.<\/strong><\/p>\n<p>A ordem de Trump foi dada um dia depois de Medvedev o ter criticado por ter feito um ultimato a Moscovo para acabar com a guerra contra a Ucr\u00e2nia, iniciada em fevereiro de 2023.<\/p>\n<p>Medvedev considerou o ultimato como \u201cuma amea\u00e7a e um passo para a guerra\u201d com os Estados Unidos e advertiu Washington de que a R\u00fassia \u201cn\u00e3o era Israel, nem t\u00e3o pouco o Ir\u00e3o\u201d.<\/p>\n<p>Trump disse que ordenou o posicionamento dos submarinos para o caso de as \u201cdeclara\u00e7\u00f5es idiotas e inflamat\u00f3rias\u201d de Medvedev serem mais do que meras palavras.<\/p>\n<p>\u201cAs palavras s\u00e3o importantes e podem muitas vezes ter consequ\u00eancias inesperadas, espero que n\u00e3o seja esse o caso desta vez\u201d, afirmou.<\/p>\n","protected":false},"excerpt":{"rendered":"A R\u00fassia advertiu esta segunda-feira, 4 de agosto, que n\u00e3o h\u00e1 vencedores numa guerra at\u00f3mica, depois de o&hellip;\n","protected":false},"author":2,"featured_media":15575,"comment_status":"","ping_status":"","sticky":false,"template":"","format":"standard","meta":{"footnotes":""},"categories":[50],"tags":[27,28,6166,15,16,14,6164,25,26,21,22,62,12,13,19,20,6165,23,24,839,17,18,2183,29,30,31,63,64,65],"class_list":{"0":"post-15574","1":"post","2":"type-post","3":"status-publish","4":"format-standard","5":"has-post-thumbnail","7":"category-mundo","8":"tag-breaking-news","9":"tag-breakingnews","10":"tag-dmitry-peskov","11":"tag-featured-news","12":"tag-featurednews","13":"tag-headlines","14":"tag-kremlin","15":"tag-latest-news","16":"tag-latestnews","17":"tag-main-news","18":"tag-mainnews","19":"tag-mundo","20":"tag-news","21":"tag-noticias","22":"tag-noticias-principais","23":"tag-noticiasprincipais","24":"tag-nuclear","25":"tag-principais-noticias","26":"tag-principaisnoticias","27":"tag-russia","28":"tag-top-stories","29":"tag-topstories","30":"tag-trump","31":"tag-ultimas","32":"tag-ultimas-noticias","33":"tag-ultimasnoticias","34":"tag-world","35":"tag-world-news","36":"tag-worldnews"},"share_on_mastodon":{"url":"","error":""},"_links":{"self":[{"href":"https:\/\/www.europesays.com\/pt\/wp-json\/wp\/v2\/posts\/15574","targetHints":{"allow":["GET"]}}],"collection":[{"href":"https:\/\/www.europesays.com\/pt\/wp-json\/wp\/v2\/posts"}],"about":[{"href":"https:\/\/www.europesays.com\/pt\/wp-json\/wp\/v2\/types\/post"}],"author":[{"embeddable":true,"href":"https:\/\/www.europesays.com\/pt\/wp-json\/wp\/v2\/users\/2"}],"replies":[{"embeddable":true,"href":"https:\/\/www.europesays.com\/pt\/wp-json\/wp\/v2\/comments?post=15574"}],"version-history":[{"count":0,"href":"https:\/\/www.europesays.com\/pt\/wp-json\/wp\/v2\/posts\/15574\/revisions"}],"wp:featuredmedia":[{"embeddable":true,"href":"https:\/\/www.europesays.com\/pt\/wp-json\/wp\/v2\/media\/15575"}],"wp:attachment":[{"href":"https:\/\/www.europesays.com\/pt\/wp-json\/wp\/v2\/media?parent=15574"}],"wp:term":[{"taxonomy":"category","embeddable":true,"href":"https:\/\/www.europesays.com\/pt\/wp-json\/wp\/v2\/categories?post=15574"},{"taxonomy":"post_tag","embeddable":true,"href":"https:\/\/www.europesays.com\/pt\/wp-json\/wp\/v2\/tags?post=15574"}],"curies":[{"name":"wp","href":"https:\/\/api.w.org\/{rel}","templated":true}]}}