{"id":155744,"date":"2025-11-17T22:18:36","date_gmt":"2025-11-17T22:18:36","guid":{"rendered":"https:\/\/www.europesays.com\/pt\/155744\/"},"modified":"2025-11-17T22:18:36","modified_gmt":"2025-11-17T22:18:36","slug":"ceo-da-ford-e-os-fabricantes-chineses-podem-por-nos-fora-do-mercado","status":"publish","type":"post","link":"https:\/\/www.europesays.com\/pt\/155744\/","title":{"rendered":"CEO da Ford e os fabricantes chineses: \u201cPodem p\u00f4r-nos fora do mercado&#8221;"},"content":{"rendered":"<p>H\u00e1 cada vez mais autom\u00f3veis e marcas chinesas no mercado, em particular modelos el\u00e9tricos &#8211; onde os construtores da China est\u00e3o na linha da frente e prop\u00f5em modelos avan\u00e7ados e acess\u00edveis. O diretor-executivo da Ford, Jim Farley, est\u00e1 consciente do risco que paira sobre os fabricantes do resto do mundo &#8211; e, neste caso particular, os americanos.<\/p>\n<p>Numa recente entrevista \u00e0 CBS, o dirigente afirmou: &#8220;Na China, eles t\u00eam capacidade suficiente nas f\u00e1bricas atuais para servir todo o mercado da Am\u00e9rica e p\u00f4r-nos fora do mercado. O Jap\u00e3o nunca teve isso. Ent\u00e3o, isto \u00e9 um n\u00edvel de risco completamente diferente para a nossa ind\u00fastria&#8221;.<\/p>\n<p>Jim Farley, que na sua carreira tamb\u00e9m passou pela Hyundai, tra\u00e7ou um paralelismo com a situa\u00e7\u00e3o dos anos 1980: &#8220;Veem semelhan\u00e7as entre os anos 1980, quando a ind\u00fastria autom\u00f3vel dos Estados Unidos da Am\u00e9rica estava a enfrentar concorr\u00eancia crescente do Jap\u00e3o, e onde est\u00e1 hoje a China? Penso que \u00e9 exatamente a mesma coisa, mas com esteroides&#8221;.<\/p>\n<p>O pr\u00f3prio empres\u00e1rio revelou conduzir um Xiaomi SU7. A tecnol\u00f3gica chinesa chegou ao setor autom\u00f3vel no ano passado e recebeu elogios do executivo: &#8220;Tem alta qualidade e uma \u00f3tima experi\u00eancia digital&#8221;.<\/p>\n<p>Questionado sobre o motivo que o leva a conduzir um autom\u00f3vel chin\u00eas, Jim Farley retorquiu: &#8220;Porque s\u00e3o a concorr\u00eancia e, para os bater, tens de os conhecer&#8221;.<\/p>\n<p>Leia Tamb\u00e9m: <a href=\"https:\/\/www.noticiasaominuto.com\/auto\/2876284\/ford-anuncia-receitas-recorde-no-terceiro-trimestre-do-ano\" target=\"_blank\" rel=\"noopener noreferrer nofollow\">Ford anuncia receitas &#8220;recorde&#8221; no terceiro trimestre do ano<\/a><\/p>\n","protected":false},"excerpt":{"rendered":"H\u00e1 cada vez mais autom\u00f3veis e marcas chinesas no mercado, em particular modelos el\u00e9tricos &#8211; onde os construtores&hellip;\n","protected":false},"author":2,"featured_media":155745,"comment_status":"","ping_status":"","sticky":false,"template":"","format":"standard","meta":{"footnotes":""},"categories":[83],"tags":[88,89,90,32,33],"class_list":{"0":"post-155744","1":"post","2":"type-post","3":"status-publish","4":"format-standard","5":"has-post-thumbnail","7":"category-empresas","8":"tag-business","9":"tag-economy","10":"tag-empresas","11":"tag-portugal","12":"tag-pt"},"share_on_mastodon":{"url":"https:\/\/pubeurope.com\/@pt\/115567362298126917","error":""},"_links":{"self":[{"href":"https:\/\/www.europesays.com\/pt\/wp-json\/wp\/v2\/posts\/155744","targetHints":{"allow":["GET"]}}],"collection":[{"href":"https:\/\/www.europesays.com\/pt\/wp-json\/wp\/v2\/posts"}],"about":[{"href":"https:\/\/www.europesays.com\/pt\/wp-json\/wp\/v2\/types\/post"}],"author":[{"embeddable":true,"href":"https:\/\/www.europesays.com\/pt\/wp-json\/wp\/v2\/users\/2"}],"replies":[{"embeddable":true,"href":"https:\/\/www.europesays.com\/pt\/wp-json\/wp\/v2\/comments?post=155744"}],"version-history":[{"count":0,"href":"https:\/\/www.europesays.com\/pt\/wp-json\/wp\/v2\/posts\/155744\/revisions"}],"wp:featuredmedia":[{"embeddable":true,"href":"https:\/\/www.europesays.com\/pt\/wp-json\/wp\/v2\/media\/155745"}],"wp:attachment":[{"href":"https:\/\/www.europesays.com\/pt\/wp-json\/wp\/v2\/media?parent=155744"}],"wp:term":[{"taxonomy":"category","embeddable":true,"href":"https:\/\/www.europesays.com\/pt\/wp-json\/wp\/v2\/categories?post=155744"},{"taxonomy":"post_tag","embeddable":true,"href":"https:\/\/www.europesays.com\/pt\/wp-json\/wp\/v2\/tags?post=155744"}],"curies":[{"name":"wp","href":"https:\/\/api.w.org\/{rel}","templated":true}]}}