{"id":155761,"date":"2025-11-17T22:32:26","date_gmt":"2025-11-17T22:32:26","guid":{"rendered":"https:\/\/www.europesays.com\/pt\/155761\/"},"modified":"2025-11-17T22:32:26","modified_gmt":"2025-11-17T22:32:26","slug":"combustiveis-mais-caros-hoje-mas-nestes-postos-pode-poupar-veja-onde","status":"publish","type":"post","link":"https:\/\/www.europesays.com\/pt\/155761\/","title":{"rendered":"Combust\u00edveis mais caros hoje, mas nestes postos pode poupar. Veja onde"},"content":{"rendered":"<p>A semana arranca com nova subida no pre\u00e7o dos combust\u00edveis, de acordo com as <a href=\"https:\/\/www.noticiasaominuto.com\/economia\/2888348\/ha-tempestade-tambem-nos-combustiveis-precos-vao-aumentar\" target=\"_blank\" rel=\"noopener nofollow\">previs\u00f5es divulgadas na sexta-feira pelo Autom\u00f3vel Club de Portugal<\/a> (ACP). O pre\u00e7o do litro do gas\u00f3leo dever\u00e1 subir meio c\u00eantimo, ao passo que o litro da gasolina dever\u00e1 subir tr\u00eas c\u00eantimos.<\/p>\n<p>Caso se confirmem estas previs\u00f5es, o pre\u00e7o m\u00e9dio do gas\u00f3leo simples vai fixar-se nos 1,609 euros por litro e o da gasolina simples 95 vai crescer para os 1,735 euros por litro, ainda de acordo com a ACP.<\/p>\n<p>Mas, ainda assim, se escolher bem onde atestar o dep\u00f3sito, poder\u00e1 poupar alguns c\u00eantimos. Para consultar os postos de abastecimento mais baratos perto de si, pode aceder a <a href=\"https:\/\/precoscombustiveis.dgeg.gov.pt\/\" target=\"_blank\" rel=\"noopener nofollow\">este link<\/a> e selecionar, logo em cima, a op\u00e7\u00e3o &#8216;filtrar por munic\u00edpio&#8217;, clicando depois no respetivo distrito na lista que ser\u00e1 apresentada. Por fim, dever\u00e1 selecionar o munic\u00edpio que pretende consultar, bem como o tipo de combust\u00edvel.<\/p>\n<p>De acordo com os dados mais recentes, divulgados pela Dire\u00e7\u00e3o-Geral de Energia e Geologia (DGEG), estes s\u00e3o os postos mais baratos do pa\u00eds:\u00a0<\/p>\n<p> <img loading=\"lazy\" decoding=\"async\" src=\"https:\/\/www.europesays.com\/pt\/wp-content\/uploads\/2025\/11\/naom_691ad4fe18db4.jpg\" border=\"0\" alt=\"Not\u00edcias ao Minuto\" width=\"1832\" height=\"354\"\/> Os postos de abastecimento mais econ\u00f3micos do pa\u00eds\u00a9 Reprodu\u00e7\u00e3o do site da DGEG \u00a0<\/p>\n<p>Como est\u00e1 o petr\u00f3leo nos mercados internacionais?\u00a0<\/p>\n<p>A cota\u00e7\u00e3o do barril de Brent para entrega em janeiro terminou na sexta-feira a sess\u00e3o no mercado de futuros de Londres, em alta acentuada de 2,19%, para os 64,39 d\u00f3lares.<\/p>\n<p>O crude do Mar do Norte, de refer\u00eancia na Europa, fechou a sess\u00e3o no Intercontinental Exchange a cotar 1,38 d\u00f3lares acima dos 63,01 com que encerrou as transa\u00e7\u00f5es na quinta-feira.<\/p>\n<p>Apesar de ter conhecido uma semana muito vol\u00e1til, em que chegou a cotar a m\u00ednimos desde 21 de outubro, o Brent acabou-a com uma valoriza\u00e7\u00e3o de 1,19% em rela\u00e7\u00e3o \u00e0 anterior.<\/p>\n<p>A cota\u00e7\u00e3o subiu na sexta-feira mais de 2% depois de se saber que o porto de Novorosiisk, no sudoeste russo, tinha suspendido as exporta\u00e7\u00f5es de petr\u00f3leo, ap\u00f3s um ataque ucraniano, que reavivou o receio entre os investidores quanto a eventuais interrup\u00e7\u00f5es no fornecimento do petr\u00f3leo russo.<\/p>\n<p>O porto de Novorosiisk \u00e9 central na infraestrutura energ\u00e9tica russa, uma vez que exporta 2% da oferta mundial, ou seja, o equivalente a 2,2 milh\u00f5es de barris di\u00e1rios.<\/p>\n<p>Leia Tamb\u00e9m: <a href=\"https:\/\/www.noticiasaominuto.com\/politica\/2889290\/catarina-martins-promete-lembrar-de-reducao-dos-combustiveis-fosseis\" target=\"_blank\" rel=\"noopener noreferrer nofollow\">Catarina Martins promete lembrar de redu\u00e7\u00e3o dos combust\u00edveis f\u00f3sseis<\/a><\/p>\n","protected":false},"excerpt":{"rendered":"A semana arranca com nova subida no pre\u00e7o dos combust\u00edveis, de acordo com as previs\u00f5es divulgadas na sexta-feira&hellip;\n","protected":false},"author":2,"featured_media":155762,"comment_status":"","ping_status":"","sticky":false,"template":"","format":"standard","meta":{"footnotes":""},"categories":[83],"tags":[88,89,90,32,33],"class_list":{"0":"post-155761","1":"post","2":"type-post","3":"status-publish","4":"format-standard","5":"has-post-thumbnail","7":"category-empresas","8":"tag-business","9":"tag-economy","10":"tag-empresas","11":"tag-portugal","12":"tag-pt"},"share_on_mastodon":{"url":"https:\/\/pubeurope.com\/@pt\/115567417670780800","error":""},"_links":{"self":[{"href":"https:\/\/www.europesays.com\/pt\/wp-json\/wp\/v2\/posts\/155761","targetHints":{"allow":["GET"]}}],"collection":[{"href":"https:\/\/www.europesays.com\/pt\/wp-json\/wp\/v2\/posts"}],"about":[{"href":"https:\/\/www.europesays.com\/pt\/wp-json\/wp\/v2\/types\/post"}],"author":[{"embeddable":true,"href":"https:\/\/www.europesays.com\/pt\/wp-json\/wp\/v2\/users\/2"}],"replies":[{"embeddable":true,"href":"https:\/\/www.europesays.com\/pt\/wp-json\/wp\/v2\/comments?post=155761"}],"version-history":[{"count":0,"href":"https:\/\/www.europesays.com\/pt\/wp-json\/wp\/v2\/posts\/155761\/revisions"}],"wp:featuredmedia":[{"embeddable":true,"href":"https:\/\/www.europesays.com\/pt\/wp-json\/wp\/v2\/media\/155762"}],"wp:attachment":[{"href":"https:\/\/www.europesays.com\/pt\/wp-json\/wp\/v2\/media?parent=155761"}],"wp:term":[{"taxonomy":"category","embeddable":true,"href":"https:\/\/www.europesays.com\/pt\/wp-json\/wp\/v2\/categories?post=155761"},{"taxonomy":"post_tag","embeddable":true,"href":"https:\/\/www.europesays.com\/pt\/wp-json\/wp\/v2\/tags?post=155761"}],"curies":[{"name":"wp","href":"https:\/\/api.w.org\/{rel}","templated":true}]}}