{"id":155763,"date":"2025-11-17T22:33:24","date_gmt":"2025-11-17T22:33:24","guid":{"rendered":"https:\/\/www.europesays.com\/pt\/155763\/"},"modified":"2025-11-17T22:33:24","modified_gmt":"2025-11-17T22:33:24","slug":"imagens-impressionantes-de-cascatas-de-chuva-numa-mesquita-historica-em-cordoba","status":"publish","type":"post","link":"https:\/\/www.europesays.com\/pt\/155763\/","title":{"rendered":"Imagens impressionantes de cascatas de chuva numa mesquita hist\u00f3rica em C\u00f3rdoba"},"content":{"rendered":"<p>A tempestade Cl\u00e1udia deixou um rasto de destrui\u00e7\u00e3o, no s\u00e1bado, em C\u00f3rdoba, ap\u00f3s &#8220;despejar&#8221; 74 litros de chuva por metro quadrado, um volume que provocou v\u00e1rias inunda\u00e7\u00f5es r\u00e1pidas e imagens impressionantes. Entre os cen\u00e1rios captados, voltou a destacar-se um fen\u00f3meno j\u00e1 habitual em epis\u00f3dios de chuva intensa: a monumental drenagem natural da Mesquita-Catedral e do P\u00e1tio das Laranjeiras, que entrou novamente em a\u00e7\u00e3o para escoar a \u00e1gua acumulada, criando verdadeiras torrentes no interior do emblem\u00e1tico monumento.<\/p>\n","protected":false},"excerpt":{"rendered":"A tempestade Cl\u00e1udia deixou um rasto de destrui\u00e7\u00e3o, no s\u00e1bado, em C\u00f3rdoba, ap\u00f3s &#8220;despejar&#8221; 74 litros de chuva&hellip;\n","protected":false},"author":2,"featured_media":155764,"comment_status":"","ping_status":"","sticky":false,"template":"","format":"standard","meta":{"footnotes":""},"categories":[50],"tags":[27,28,32282,15,16,14,25,26,21,22,62,12,13,19,20,23,24,20982,17,18,29,30,31,63,64,65],"class_list":{"0":"post-155763","1":"post","2":"type-post","3":"status-publish","4":"format-standard","5":"has-post-thumbnail","7":"category-mundo","8":"tag-breaking-news","9":"tag-breakingnews","10":"tag-depressao-claudia","11":"tag-featured-news","12":"tag-featurednews","13":"tag-headlines","14":"tag-latest-news","15":"tag-latestnews","16":"tag-main-news","17":"tag-mainnews","18":"tag-mundo","19":"tag-news","20":"tag-noticias","21":"tag-noticias-principais","22":"tag-noticiasprincipais","23":"tag-principais-noticias","24":"tag-principaisnoticias","25":"tag-tempestade","26":"tag-top-stories","27":"tag-topstories","28":"tag-ultimas","29":"tag-ultimas-noticias","30":"tag-ultimasnoticias","31":"tag-world","32":"tag-world-news","33":"tag-worldnews"},"share_on_mastodon":{"url":"https:\/\/pubeurope.com\/@pt\/115567421241696635","error":""},"_links":{"self":[{"href":"https:\/\/www.europesays.com\/pt\/wp-json\/wp\/v2\/posts\/155763","targetHints":{"allow":["GET"]}}],"collection":[{"href":"https:\/\/www.europesays.com\/pt\/wp-json\/wp\/v2\/posts"}],"about":[{"href":"https:\/\/www.europesays.com\/pt\/wp-json\/wp\/v2\/types\/post"}],"author":[{"embeddable":true,"href":"https:\/\/www.europesays.com\/pt\/wp-json\/wp\/v2\/users\/2"}],"replies":[{"embeddable":true,"href":"https:\/\/www.europesays.com\/pt\/wp-json\/wp\/v2\/comments?post=155763"}],"version-history":[{"count":0,"href":"https:\/\/www.europesays.com\/pt\/wp-json\/wp\/v2\/posts\/155763\/revisions"}],"wp:featuredmedia":[{"embeddable":true,"href":"https:\/\/www.europesays.com\/pt\/wp-json\/wp\/v2\/media\/155764"}],"wp:attachment":[{"href":"https:\/\/www.europesays.com\/pt\/wp-json\/wp\/v2\/media?parent=155763"}],"wp:term":[{"taxonomy":"category","embeddable":true,"href":"https:\/\/www.europesays.com\/pt\/wp-json\/wp\/v2\/categories?post=155763"},{"taxonomy":"post_tag","embeddable":true,"href":"https:\/\/www.europesays.com\/pt\/wp-json\/wp\/v2\/tags?post=155763"}],"curies":[{"name":"wp","href":"https:\/\/api.w.org\/{rel}","templated":true}]}}