{"id":155765,"date":"2025-11-17T22:34:11","date_gmt":"2025-11-17T22:34:11","guid":{"rendered":"https:\/\/www.europesays.com\/pt\/155765\/"},"modified":"2025-11-17T22:34:11","modified_gmt":"2025-11-17T22:34:11","slug":"homem-viajava-na-bagageira-de-carro-e-tinha-mala-com-mais-de-seis-quilos-de-haxixe-em-casa","status":"publish","type":"post","link":"https:\/\/www.europesays.com\/pt\/155765\/","title":{"rendered":"Homem viajava na bagageira de carro e tinha mala com mais de seis quilos de haxixe em casa"},"content":{"rendered":"<p data-remotead-prev-elm=\"true\" data-remotead-elm-id=\"inread\">A deten\u00e7\u00e3o, divulgada hoje pela PSP, ocorreu esta sexta-feira, durante uma a\u00e7\u00e3o de fiscaliza\u00e7\u00e3o rodovi\u00e1ria, quando os policias detetaram o homem na bagageira de um carro. No momento em que foi intercetado o suspeito tinha na sua posse 95,23 gramas de haxixe e uma nota de 20 euros.<\/p>\n<p>Durante a a\u00e7\u00e3o, o homem admitiu ter mais estupefacientes na sua resid\u00eancia e autorizou uma busca domicili\u00e1ria durante a qual os agentes localizaram uma mala de viagem contendo 58 embalagens de haxixe, pesando mais de seis quilos, suficientes para a confe\u00e7\u00e3o de 12.174,96 doses.<\/p>\n<p>Foi ouvido em primeiro interrogat\u00f3rio judicial, tendo ficado em pris\u00e3o preventiva.<\/p>\n","protected":false},"excerpt":{"rendered":"A deten\u00e7\u00e3o, divulgada hoje pela PSP, ocorreu esta sexta-feira, durante uma a\u00e7\u00e3o de fiscaliza\u00e7\u00e3o rodovi\u00e1ria, quando os policias&hellip;\n","protected":false},"author":2,"featured_media":155766,"comment_status":"","ping_status":"","sticky":false,"template":"","format":"standard","meta":{"footnotes":""},"categories":[10],"tags":[27,28,33458,15,16,24839,14,603,25,26,797,21,22,12,13,19,20,32,23,24,1306,33,17,18,29,30,31],"class_list":{"0":"post-155765","1":"post","2":"type-post","3":"status-publish","4":"format-standard","5":"has-post-thumbnail","7":"category-portugal","8":"tag-breaking-news","9":"tag-breakingnews","10":"tag-carnide","11":"tag-featured-news","12":"tag-featurednews","13":"tag-haxixe","14":"tag-headlines","15":"tag-justica","16":"tag-latest-news","17":"tag-latestnews","18":"tag-lisboa","19":"tag-main-news","20":"tag-mainnews","21":"tag-news","22":"tag-noticias","23":"tag-noticias-principais","24":"tag-noticiasprincipais","25":"tag-portugal","26":"tag-principais-noticias","27":"tag-principaisnoticias","28":"tag-psp","29":"tag-pt","30":"tag-top-stories","31":"tag-topstories","32":"tag-ultimas","33":"tag-ultimas-noticias","34":"tag-ultimasnoticias"},"share_on_mastodon":{"url":"https:\/\/pubeurope.com\/@pt\/115567425274013992","error":""},"_links":{"self":[{"href":"https:\/\/www.europesays.com\/pt\/wp-json\/wp\/v2\/posts\/155765","targetHints":{"allow":["GET"]}}],"collection":[{"href":"https:\/\/www.europesays.com\/pt\/wp-json\/wp\/v2\/posts"}],"about":[{"href":"https:\/\/www.europesays.com\/pt\/wp-json\/wp\/v2\/types\/post"}],"author":[{"embeddable":true,"href":"https:\/\/www.europesays.com\/pt\/wp-json\/wp\/v2\/users\/2"}],"replies":[{"embeddable":true,"href":"https:\/\/www.europesays.com\/pt\/wp-json\/wp\/v2\/comments?post=155765"}],"version-history":[{"count":0,"href":"https:\/\/www.europesays.com\/pt\/wp-json\/wp\/v2\/posts\/155765\/revisions"}],"wp:featuredmedia":[{"embeddable":true,"href":"https:\/\/www.europesays.com\/pt\/wp-json\/wp\/v2\/media\/155766"}],"wp:attachment":[{"href":"https:\/\/www.europesays.com\/pt\/wp-json\/wp\/v2\/media?parent=155765"}],"wp:term":[{"taxonomy":"category","embeddable":true,"href":"https:\/\/www.europesays.com\/pt\/wp-json\/wp\/v2\/categories?post=155765"},{"taxonomy":"post_tag","embeddable":true,"href":"https:\/\/www.europesays.com\/pt\/wp-json\/wp\/v2\/tags?post=155765"}],"curies":[{"name":"wp","href":"https:\/\/api.w.org\/{rel}","templated":true}]}}