{"id":155780,"date":"2025-11-17T22:47:09","date_gmt":"2025-11-17T22:47:09","guid":{"rendered":"https:\/\/www.europesays.com\/pt\/155780\/"},"modified":"2025-11-17T22:47:09","modified_gmt":"2025-11-17T22:47:09","slug":"oms-apela-para-regulacao-de-produtos-com-nicotina-para-aos-jovens-e-alerta-para-riscos","status":"publish","type":"post","link":"https:\/\/www.europesays.com\/pt\/155780\/","title":{"rendered":"OMS apela para regula\u00e7\u00e3o de produtos com nicotina para aos jovens e alerta para riscos"},"content":{"rendered":"<p><strong>A Organiza\u00e7\u00e3o Mundial de Sa\u00fade (OMS) apelou esta segunda-feira para a regula\u00e7\u00e3o dos novos produtos \u00e0 base de nicotina, alertando para o perigo que representam para os jovens cigarros eletr\u00f3nicos e saquetas com sabores doces.<\/strong><\/p>\n<p>Alertando os pa\u00edses para a necessidade de regularem estes produtos, a OMS defendeu que constituem um perigo na luta contra o tabagismo.<\/p>\n<blockquote><p> &#8221; <strong>As escolas s\u00e3o a nova frente da guerra contra o tabaco e a nicotina<\/strong> , onde as empresas recrutam ativamente uma gera\u00e7\u00e3o de viciados&#8221;, afirmou hoje o diretor-geral da OMS, Tedros Adhanom Ghebreyesus, na abertura da confer\u00eancia da Conven\u00e7\u00e3o Quadro da organiza\u00e7\u00e3o para a Luta Anti-Tabaco (CCLAT). <\/p><\/blockquote>\n<p>Nos \u00faltimos 20 anos, o consumo de tabaco entre os jovens diminui um ter\u00e7o, \u00e0 escala mundial, &#8220;incitando os fabricantes de tabaco a desenvolverem <strong>novos produtos para atra\u00edrem novos clientes<\/strong>&#8220;, disse Tedros.<\/p>\n<p>Segundo a OMS, os industriais apresentam os cigarros eletr\u00f3nicos como menos nocivos do que os tradicionais, mas na realidade <strong>visam agressivamente os jovens e viciam-nos.<\/strong><\/p>\n<p><strong>15 milh\u00f5es de adolescentes entre os 13 e os 15 anos <\/strong><\/p>\n<p>Pelo menos <strong>15 milh\u00f5es de adolescentes entre os 13 e os 15 anos, no mundo, j\u00e1 os utilizam, observou a OMS.<\/strong><\/p>\n<p>Tedros sublinhou que n\u00e3o h\u00e1 provas dos benef\u00edcios desses produtos para a sa\u00fade p\u00fablica. Pelo contr\u00e1rio, as <strong>provas da nocividade &#8220;acumulam-se&#8221;.<\/strong><\/p>\n<blockquote><p> &#8220;Nos 63 pa\u00edses com dados dispon\u00edveis, a  <strong>preval\u00eancia do uso de cigarros eletr\u00f3nicos entre os jovens \u00e9, em m\u00e9dia, nove vezes superior \u00e0 dos adultos<\/strong> &#8220;, alertou Tedros. <\/p><\/blockquote>\n<p>O diretor da OMS lembrou que os 180 estados que ratificaram o CCLAT, examinar\u00e3o at\u00e9 ao fim da confer\u00eancia, no s\u00e1bado, &#8220;um ponto de agenda relacionado com medidas de preven\u00e7\u00e3o da depend\u00eancia \u00e0 nicotina e de prote\u00e7\u00e3o (&#8230;) contra discursos de redu\u00e7\u00e3o de riscos difundidos pela ind\u00fastria do tabaco&#8221;.<\/p>\n","protected":false},"excerpt":{"rendered":"A Organiza\u00e7\u00e3o Mundial de Sa\u00fade (OMS) apelou esta segunda-feira para a regula\u00e7\u00e3o dos novos produtos \u00e0 base de&hellip;\n","protected":false},"author":2,"featured_media":155781,"comment_status":"","ping_status":"","sticky":false,"template":"","format":"standard","meta":{"footnotes":""},"categories":[50],"tags":[27,28,15,16,14,25,26,21,22,62,12,13,19,20,23,24,17,18,29,30,31,63,64,65],"class_list":{"0":"post-155780","1":"post","2":"type-post","3":"status-publish","4":"format-standard","5":"has-post-thumbnail","7":"category-mundo","8":"tag-breaking-news","9":"tag-breakingnews","10":"tag-featured-news","11":"tag-featurednews","12":"tag-headlines","13":"tag-latest-news","14":"tag-latestnews","15":"tag-main-news","16":"tag-mainnews","17":"tag-mundo","18":"tag-news","19":"tag-noticias","20":"tag-noticias-principais","21":"tag-noticiasprincipais","22":"tag-principais-noticias","23":"tag-principaisnoticias","24":"tag-top-stories","25":"tag-topstories","26":"tag-ultimas","27":"tag-ultimas-noticias","28":"tag-ultimasnoticias","29":"tag-world","30":"tag-world-news","31":"tag-worldnews"},"share_on_mastodon":{"url":"https:\/\/pubeurope.com\/@pt\/115567476359558085","error":""},"_links":{"self":[{"href":"https:\/\/www.europesays.com\/pt\/wp-json\/wp\/v2\/posts\/155780","targetHints":{"allow":["GET"]}}],"collection":[{"href":"https:\/\/www.europesays.com\/pt\/wp-json\/wp\/v2\/posts"}],"about":[{"href":"https:\/\/www.europesays.com\/pt\/wp-json\/wp\/v2\/types\/post"}],"author":[{"embeddable":true,"href":"https:\/\/www.europesays.com\/pt\/wp-json\/wp\/v2\/users\/2"}],"replies":[{"embeddable":true,"href":"https:\/\/www.europesays.com\/pt\/wp-json\/wp\/v2\/comments?post=155780"}],"version-history":[{"count":0,"href":"https:\/\/www.europesays.com\/pt\/wp-json\/wp\/v2\/posts\/155780\/revisions"}],"wp:featuredmedia":[{"embeddable":true,"href":"https:\/\/www.europesays.com\/pt\/wp-json\/wp\/v2\/media\/155781"}],"wp:attachment":[{"href":"https:\/\/www.europesays.com\/pt\/wp-json\/wp\/v2\/media?parent=155780"}],"wp:term":[{"taxonomy":"category","embeddable":true,"href":"https:\/\/www.europesays.com\/pt\/wp-json\/wp\/v2\/categories?post=155780"},{"taxonomy":"post_tag","embeddable":true,"href":"https:\/\/www.europesays.com\/pt\/wp-json\/wp\/v2\/tags?post=155780"}],"curies":[{"name":"wp","href":"https:\/\/api.w.org\/{rel}","templated":true}]}}