{"id":155788,"date":"2025-11-17T22:54:14","date_gmt":"2025-11-17T22:54:14","guid":{"rendered":"https:\/\/www.europesays.com\/pt\/155788\/"},"modified":"2025-11-17T22:54:14","modified_gmt":"2025-11-17T22:54:14","slug":"guerreiras-do-k-pop-qual-e-a-primeira-e-a-ultima-vez-em-que-jinu-aparece","status":"publish","type":"post","link":"https:\/\/www.europesays.com\/pt\/155788\/","title":{"rendered":"Guerreiras do K-Pop: Qual \u00e9 a primeira e a \u00faltima vez em que Jinu aparece?"},"content":{"rendered":"<p>Sem d\u00favidas, um dos grandes lan\u00e7amentos de 2025 \u00e9 a anima\u00e7\u00e3o \u201cGuerreiras do K-Pop\u201d, produ\u00e7\u00e3o que, al\u00e9m de se tornar o filme mais assistido na hist\u00f3ria da <a href=\"https:\/\/www.netflix.com\/br\/\" target=\"_blank\" rel=\"noopener nofollow\">Netflix<\/a>, tamb\u00e9m vem dominando as paradas musicais internacionais com sua trilha sonora.<\/p>\n<p>Ambientada na Coreia do Sul, o longa conta a hist\u00f3ria de Rumi, Mira e Zoey, um girlgroup de k-pop que, al\u00e9m de estrelas da m\u00fasica, tamb\u00e9m s\u00e3o respons\u00e1veis por proteger o mundo dos humanos das invas\u00f5es de dem\u00f4nios. Para isso, elas contam com a ajuda do Honmoon, barreira m\u00e1gica protetora que impede a passagem dos seres do submundo, fortalecido por meio do sucesso de suas can\u00e7\u00f5es.<\/p>\n<p>No entanto, tudo come\u00e7a a ficar mais dif\u00edcil com o surgimento do Saja Boys, boygroup de k-pop composto por dem\u00f4nios que, a mando do l\u00edder do submundo, Gwi-Ma, tentam derrotar as <a href=\"https:\/\/www.instagram.com\/kpopdemonhuntersnetflix\/\" target=\"_blank\" rel=\"noopener nofollow\">HUNTR\/X<\/a> e adquirir o maior n\u00famero de almas poss\u00edveis para fortalec\u00ea-lo.<\/p>\n<p>Composto por <a href=\"https:\/\/pt.wikipedia.org\/wiki\/KPop_Demon_Hunters\" target=\"_blank\" rel=\"noopener nofollow\">Abby, Mystery, Romance, Baby e Jinu<\/a>, o l\u00edder do grupo, eles se tornam a principal amea\u00e7a do girlgroup, lan\u00e7ando sucessos como \u201cSoda Pop\u201d e \u201cYour Idol\u201d, respons\u00e1veis por roubar in\u00fameros f\u00e3s e enfraquecer o Honmoon.<\/p>\n<p>Contudo, apesar de serem os antagonistas da trama, Jinu ainda vive uma contradi\u00e7\u00e3o: ao conhecer Rumi, ele passa a se questionar sobre sua lealdade a Gwi-Ma, se questionando sobre possivelmente se aliar \u00e0 integrante do HUNTR\/X \u2014 a qual ele descobre ser metade dem\u00f4nio.<\/p>\n<p> Mas, quando \u00e9 a primeira e a \u00faltima vez em que Jinu aparece? [CUIDADO! O TEXTO CONT\u00c9M SPOILERS] <\/p>\n<p>A primeira vez em que Jinu aparece \u00e9 no minuto 9:45. Na ocasi\u00e3o, ele est\u00e1 no submundo, e apresenta a proposta para Gwi-Ma que ir\u00e1 guiar todo o filme: criar um boygroup de <a href=\"https:\/\/recreio.com.br\/tags\/k-pop\" target=\"_blank\" rel=\"noopener nofollow\">k-pop<\/a> para combater diretamente as HUNTR\/X. Como recompensa, o personagem pede para que o grande vil\u00e3o apague toda sua mem\u00f3ria, fazendo com que ele esque\u00e7a do seu passado com sua m\u00e3e e irm\u00e3.<\/p>\n<p> <img loading=\"lazy\" decoding=\"async\" class=\"size-full wp-image-46957 img-fluid lazy\" alt=\"\" width=\"2560\" height=\"1072\" src=\"https:\/\/www.europesays.com\/pt\/wp-content\/uploads\/2025\/11\/KpopDemonHunters_ProRes422HQ_SDR_2ch_20250424.00_10_57_15_L-scaled.jpg\"  \/>Jinu, l\u00edder do Saja Boys \u2013 Divulga\u00e7\u00e3o\/Netflix <\/p>\n<p>J\u00e1 a \u00faltima apari\u00e7\u00e3o de Jinu acontece em 1:22:05, durante a batalha final entre as HUNTR\/X contra os Saja Boys e Gwi-Ma, quando ele escolhe se sacrificar para salvar Rumi.<\/p>\n<p> <img loading=\"lazy\" decoding=\"async\" class=\"size-full wp-image-58201 img-fluid lazy\" alt=\"\" width=\"1280\" height=\"720\" src=\"https:\/\/www.europesays.com\/pt\/wp-content\/uploads\/2025\/11\/rumi-jinu-sacrificio-capa.jpg\"  \/>Cena da anima\u00e7\u00e3o \u2018Guerreiras do K-Pop\u2019 (2025) \u2013 Reprodu\u00e7\u00e3o\/Netflix <\/p>\n<p>\u201cGuerreiras do K-Pop\u201d est\u00e1 dispon\u00edvel para streaming na Netflix.<\/p>\n<p>        <a href=\"https:\/\/recreio.com.br\/noticias\/author\/daniela-bazi\" rel=\"nofollow noopener\" target=\"_blank\">&#13;<br \/>\n          <img alt=\"Daniela Bazi\" src=\"https:\/\/www.europesays.com\/pt\/wp-content\/uploads\/2025\/11\/1763420054_652_701cc86240953f42e068ecf8a0bb18dadb05bc88d7e776f8edb20aaea33b4eea\"  class=\"avatar avatar-115 photo rounded-circle mr-3\" height=\"115\" width=\"115\" loading=\"lazy\" decoding=\"async\"\/>        <\/a><\/p>\n<p>Daniela Bazi \u00e9 jornalista graduada pela UNINOVE, e bruxa formada na Escola de Magia e Bruxaria de Hogwarts. Amante de anima\u00e7\u00f5es, filmes e s\u00e9ries, tamb\u00e9m \u00e9 f\u00e3 de divas pop, entusiasta da Disney e k-popper nas horas vagas.<\/p>\n<p>\t                                            <script async src=\"\/\/www.instagram.com\/embed.js\"><\/script><\/p>\n","protected":false},"excerpt":{"rendered":"Sem d\u00favidas, um dos grandes lan\u00e7amentos de 2025 \u00e9 a anima\u00e7\u00e3o \u201cGuerreiras do K-Pop\u201d, produ\u00e7\u00e3o que, al\u00e9m de&hellip;\n","protected":false},"author":2,"featured_media":155789,"comment_status":"","ping_status":"","sticky":false,"template":"","format":"standard","meta":{"footnotes":""},"categories":[141],"tags":[1415,114,115,148,4550,23286,149,150,32,33,23287],"class_list":{"0":"post-155788","1":"post","2":"type-post","3":"status-publish","4":"format-standard","5":"has-post-thumbnail","7":"category-musica","8":"tag-animacao","9":"tag-entertainment","10":"tag-entretenimento","11":"tag-filmes","12":"tag-guerreiras-do-k-pop","13":"tag-jinu","14":"tag-music","15":"tag-musica","16":"tag-portugal","17":"tag-pt","18":"tag-saja-boys"},"share_on_mastodon":{"url":"https:\/\/pubeurope.com\/@pt\/115567503841702092","error":""},"_links":{"self":[{"href":"https:\/\/www.europesays.com\/pt\/wp-json\/wp\/v2\/posts\/155788","targetHints":{"allow":["GET"]}}],"collection":[{"href":"https:\/\/www.europesays.com\/pt\/wp-json\/wp\/v2\/posts"}],"about":[{"href":"https:\/\/www.europesays.com\/pt\/wp-json\/wp\/v2\/types\/post"}],"author":[{"embeddable":true,"href":"https:\/\/www.europesays.com\/pt\/wp-json\/wp\/v2\/users\/2"}],"replies":[{"embeddable":true,"href":"https:\/\/www.europesays.com\/pt\/wp-json\/wp\/v2\/comments?post=155788"}],"version-history":[{"count":0,"href":"https:\/\/www.europesays.com\/pt\/wp-json\/wp\/v2\/posts\/155788\/revisions"}],"wp:featuredmedia":[{"embeddable":true,"href":"https:\/\/www.europesays.com\/pt\/wp-json\/wp\/v2\/media\/155789"}],"wp:attachment":[{"href":"https:\/\/www.europesays.com\/pt\/wp-json\/wp\/v2\/media?parent=155788"}],"wp:term":[{"taxonomy":"category","embeddable":true,"href":"https:\/\/www.europesays.com\/pt\/wp-json\/wp\/v2\/categories?post=155788"},{"taxonomy":"post_tag","embeddable":true,"href":"https:\/\/www.europesays.com\/pt\/wp-json\/wp\/v2\/tags?post=155788"}],"curies":[{"name":"wp","href":"https:\/\/api.w.org\/{rel}","templated":true}]}}