{"id":155790,"date":"2025-11-17T22:56:08","date_gmt":"2025-11-17T22:56:08","guid":{"rendered":"https:\/\/www.europesays.com\/pt\/155790\/"},"modified":"2025-11-17T22:56:08","modified_gmt":"2025-11-17T22:56:08","slug":"sporting-projeta-contratar-tres-medios-para-a-proxima-temporada","status":"publish","type":"post","link":"https:\/\/www.europesays.com\/pt\/155790\/","title":{"rendered":"Sporting projeta contratar tr\u00eas m\u00e9dios para a pr\u00f3xima temporada"},"content":{"rendered":"<p>Apesar de colocar o foco atual neste mercado de inverno, o Sporting tamb\u00e9m j\u00e1 est\u00e1 a pensar na pr\u00f3xima temporada e, sabe o <strong>Maisfutebol<\/strong>, trabalha com a ideia de contratar tr\u00eas m\u00e9dios.<\/p>\n<p>Na vis\u00e3o interna, os le\u00f5es caminham para perder dois jogadores fundamentais do meio-campo ao t\u00e9rmino da \u00e9poca: Hidemasa Morita, em fim de contrato, e Morten Hjulmand, que tem \u00abpromessa\u00bb de venda e est\u00e1 na mira de tubar\u00f5es.<\/p>\n<p>Para isso, a SAD leonina tem em mente a contrata\u00e7\u00e3o de dois nomes de maior impacto, com ambos a chegar somente para o arranque de 2026\/27. N\u00e3o h\u00e1 pressa.<\/p>\n<p>Por outro lado, caso seja poss\u00edvel, o Sporting vai tentar contratar um terceiro jogador de \u00abrota\u00e7\u00e3o\u00bb, este o quanto antes. Ou seja, h\u00e1 a possibilidade ent\u00e3o de o meio-campo ser refor\u00e7ado agora em janeiro.<\/p>\n<p>Nestas circunst\u00e2ncias, a prioridade leonina passa pela chegada de um jovem a atuar na pr\u00f3pria Liga. Algumas op\u00e7\u00f5es est\u00e3o bem referenciadas, entre eles o brasileiro Alex Amorim [na foto do artigo], de 20 anos, do FC Alverca, segundo apurou o nosso jornal.<\/p>\n<p>Atualmente, Rui Borges conta com seis jogadores para o meio-campo: Morten Hjulmand, Jo\u00e3o Sim\u00f5es, Hidemasa Morita, Giorgi Kochorashvili, Daniel Bragan\u00e7a e Rayan Lucas.<\/p>\n","protected":false},"excerpt":{"rendered":"Apesar de colocar o foco atual neste mercado de inverno, o Sporting tamb\u00e9m j\u00e1 est\u00e1 a pensar na&hellip;\n","protected":false},"author":2,"featured_media":155791,"comment_status":"","ping_status":"","sticky":false,"template":"","format":"standard","meta":{"footnotes":""},"categories":[87],"tags":[33440,135,4930,46,33459,42,33460,32,33,47,34,134,35],"class_list":{"0":"post-155790","1":"post","2":"type-post","3":"status-publish","4":"format-standard","5":"has-post-thumbnail","7":"category-desporto","8":"tag-alex-amorim","9":"tag-desporto","10":"tag-hjulmand","11":"tag-maisfutebol","12":"tag-medios","13":"tag-mercado","14":"tag-morita","15":"tag-portugal","16":"tag-pt","17":"tag-pura-paixao","18":"tag-sporting","19":"tag-sports","20":"tag-transferencias"},"share_on_mastodon":{"url":"https:\/\/pubeurope.com\/@pt\/115567512100443633","error":""},"_links":{"self":[{"href":"https:\/\/www.europesays.com\/pt\/wp-json\/wp\/v2\/posts\/155790","targetHints":{"allow":["GET"]}}],"collection":[{"href":"https:\/\/www.europesays.com\/pt\/wp-json\/wp\/v2\/posts"}],"about":[{"href":"https:\/\/www.europesays.com\/pt\/wp-json\/wp\/v2\/types\/post"}],"author":[{"embeddable":true,"href":"https:\/\/www.europesays.com\/pt\/wp-json\/wp\/v2\/users\/2"}],"replies":[{"embeddable":true,"href":"https:\/\/www.europesays.com\/pt\/wp-json\/wp\/v2\/comments?post=155790"}],"version-history":[{"count":0,"href":"https:\/\/www.europesays.com\/pt\/wp-json\/wp\/v2\/posts\/155790\/revisions"}],"wp:featuredmedia":[{"embeddable":true,"href":"https:\/\/www.europesays.com\/pt\/wp-json\/wp\/v2\/media\/155791"}],"wp:attachment":[{"href":"https:\/\/www.europesays.com\/pt\/wp-json\/wp\/v2\/media?parent=155790"}],"wp:term":[{"taxonomy":"category","embeddable":true,"href":"https:\/\/www.europesays.com\/pt\/wp-json\/wp\/v2\/categories?post=155790"},{"taxonomy":"post_tag","embeddable":true,"href":"https:\/\/www.europesays.com\/pt\/wp-json\/wp\/v2\/tags?post=155790"}],"curies":[{"name":"wp","href":"https:\/\/api.w.org\/{rel}","templated":true}]}}