{"id":155796,"date":"2025-11-17T23:02:14","date_gmt":"2025-11-17T23:02:14","guid":{"rendered":"https:\/\/www.europesays.com\/pt\/155796\/"},"modified":"2025-11-17T23:02:14","modified_gmt":"2025-11-17T23:02:14","slug":"europol-identificou-milhares-de-ligacoes-online-para-conteudos-perigosos-2","status":"publish","type":"post","link":"https:\/\/www.europesays.com\/pt\/155796\/","title":{"rendered":"Europol identificou milhares de liga\u00e7\u00f5es online para conte\u00fados perigosos"},"content":{"rendered":"<p>        A a\u00e7\u00e3o, hoje anunciada pela Europol, decorreu na quinta-feira, no \u00e2mbito do Dia da Referencia\u00e7\u00e3o, e abrangeu Portugal, Dinamarca, Finl\u00e2ndia, Alemanha, Luxemburgo, Holanda, Espanha e Reino Unido.    <\/p>\n<p>Milhares de liga\u00e7\u00f5es online para conte\u00fados considerados perigosos, como propaganda terrorista, racista e xen\u00f3foba, foram identificados numa a\u00e7\u00e3o da Europol que ajudou oito pa\u00edses, entre os quais Portugal, a eliminar material il\u00edcito disseminado em plataformas de jogos.<\/p>\n<p class=\"text-paragraph\">A a\u00e7\u00e3o, hoje anunciada pela Europol, decorreu na quinta-feira, no \u00e2mbito do Dia da Referencia\u00e7\u00e3o, e abrangeu Portugal, Dinamarca, Finl\u00e2ndia, Alemanha, Luxemburgo, Holanda, Espanha e Reino Unido.<\/p>\n<p class=\"text-paragraph\">\u201cLevou \u00e0 referencia\u00e7\u00e3o de milhares de URLs que levaram a material online perigoso e il\u00edcito\u201d, afirmou a Europol em comunicado, ao referir-se \u00e0 iniciativa de combate \u00e0 radicaliza\u00e7\u00e3o online.<\/p>\n<p class=\"text-paragraph\">O resultado inclui 5.408 links para conte\u00fado jihadista, 1.070 para conte\u00fado violento de extrema-direita e terrorista e 105 liga\u00e7\u00f5es para conte\u00fado racista e xen\u00f3fobo.<\/p>\n<p class=\"text-paragraph\">\u201cEsta a\u00e7\u00e3o conjunta destaca a complexidade de combater conte\u00fados terroristas, racistas e xen\u00f3fobos online em plataformas de jogos e adjacentes a jogos\u201d, acrescentou a Europol, especificando que os processos de cria\u00e7\u00e3o e dissemina\u00e7\u00e3o s\u00e3o \u201cem camadas\u201d e geralmente afetam v\u00e1rias plataformas.<\/p>\n<p class=\"text-paragraph\">O conte\u00fado pode ser gravado num jogo online (ou na fun\u00e7\u00e3o de conversa\u00e7\u00e3o), alterado com jarg\u00e3o extremista violento, emojis sugestivos, c\u00e2nticos ou m\u00fasica e, em seguida, disseminado numa rede social convencional, exemplificou mesma a fonte.<\/p>\n<p class=\"text-paragraph\">Nas semanas que antecederam o dia da a\u00e7\u00e3o, os peritos vasculharam v\u00e1rias plataformas amplamente utilizadas por jovens e adultos.<\/p>\n<p class=\"text-paragraph\">\u201cOs utilizadores dessas plataformas de jogos e streaming podem encontrar uma variedade de conte\u00fado perigoso e violento\u201d, alertou a Europol.<\/p>\n<p class=\"text-paragraph\">Os investigadores encontraram v\u00e1rios cen\u00e1rios, desde a encena\u00e7\u00e3o de ataques terroristas a tiroteios em escolas ou cenas de execu\u00e7\u00e3o em jogos 3D. \u201cEditam o v\u00eddeo com c\u00e2nticos ou emojis sugestivos e disseminam-no em v\u00e1rias plataformas de media social habitualmente usadas para um alcance ainda mais amplo\u201d, explicou a Europol.<\/p>\n<p class=\"text-paragraph\">\u201cOutras plataformas relacionadas com jogos destinadas ao streaming s\u00e3o usadas indevidamente para recrutar menores em v\u00e1rios grupos extremistas e terroristas violentos ou para transmitir ao vivo ataques reais e at\u00e9 suic\u00eddio\u201d, sublinhou a estrutura com sede em Haia, Pa\u00edses Baixos.<\/p>\n<p class=\"text-paragraph\">Os conte\u00fados foram encontrados em v\u00e1rios tipos de plataformas. Alguns permitem que os jogadores transmitam as jogadas em tempo real e interajam com a comunidade via chat ao vivo, enquanto outros hospedam v\u00eddeo sob chamada.<\/p>\n<p class=\"text-paragraph\">Tamb\u00e9m foi identificado conte\u00fado il\u00edcito em plataformas comunit\u00e1rias destinadas a facilitar a troca de dicas, not\u00edcias e discuss\u00f5es sobre videojogos.<\/p>\n<p class=\"text-paragraph\">\u201cPor fim, existem plataformas h\u00edbridas ou especializadas que combinam streaming, recursos partilhados e op\u00e7\u00f5es de compra de jogos\u201d, referiu a Europol.<\/p>\n<p class=\"text-paragraph\">Muitas contas nessas plataformas podem n\u00e3o ser imediatamente reconhec\u00edveis como vinculadas a conte\u00fados problem\u00e1ticos, enquanto algumas at\u00e9 apresentam nomes de utilizador e fotos de perfil com refer\u00eancias a terroristas.<\/p>\n","protected":false},"excerpt":{"rendered":"A a\u00e7\u00e3o, hoje anunciada pela Europol, decorreu na quinta-feira, no \u00e2mbito do Dia da Referencia\u00e7\u00e3o, e abrangeu Portugal,&hellip;\n","protected":false},"author":2,"featured_media":155797,"comment_status":"","ping_status":"","sticky":false,"template":"","format":"standard","meta":{"footnotes":""},"categories":[50],"tags":[27,28,15,16,14,25,26,21,22,62,12,13,19,20,23,24,17,18,29,30,31,63,64,65],"class_list":{"0":"post-155796","1":"post","2":"type-post","3":"status-publish","4":"format-standard","5":"has-post-thumbnail","7":"category-mundo","8":"tag-breaking-news","9":"tag-breakingnews","10":"tag-featured-news","11":"tag-featurednews","12":"tag-headlines","13":"tag-latest-news","14":"tag-latestnews","15":"tag-main-news","16":"tag-mainnews","17":"tag-mundo","18":"tag-news","19":"tag-noticias","20":"tag-noticias-principais","21":"tag-noticiasprincipais","22":"tag-principais-noticias","23":"tag-principaisnoticias","24":"tag-top-stories","25":"tag-topstories","26":"tag-ultimas","27":"tag-ultimas-noticias","28":"tag-ultimasnoticias","29":"tag-world","30":"tag-world-news","31":"tag-worldnews"},"share_on_mastodon":{"url":"https:\/\/pubeurope.com\/@pt\/115567535712204404","error":""},"_links":{"self":[{"href":"https:\/\/www.europesays.com\/pt\/wp-json\/wp\/v2\/posts\/155796","targetHints":{"allow":["GET"]}}],"collection":[{"href":"https:\/\/www.europesays.com\/pt\/wp-json\/wp\/v2\/posts"}],"about":[{"href":"https:\/\/www.europesays.com\/pt\/wp-json\/wp\/v2\/types\/post"}],"author":[{"embeddable":true,"href":"https:\/\/www.europesays.com\/pt\/wp-json\/wp\/v2\/users\/2"}],"replies":[{"embeddable":true,"href":"https:\/\/www.europesays.com\/pt\/wp-json\/wp\/v2\/comments?post=155796"}],"version-history":[{"count":0,"href":"https:\/\/www.europesays.com\/pt\/wp-json\/wp\/v2\/posts\/155796\/revisions"}],"wp:featuredmedia":[{"embeddable":true,"href":"https:\/\/www.europesays.com\/pt\/wp-json\/wp\/v2\/media\/155797"}],"wp:attachment":[{"href":"https:\/\/www.europesays.com\/pt\/wp-json\/wp\/v2\/media?parent=155796"}],"wp:term":[{"taxonomy":"category","embeddable":true,"href":"https:\/\/www.europesays.com\/pt\/wp-json\/wp\/v2\/categories?post=155796"},{"taxonomy":"post_tag","embeddable":true,"href":"https:\/\/www.europesays.com\/pt\/wp-json\/wp\/v2\/tags?post=155796"}],"curies":[{"name":"wp","href":"https:\/\/api.w.org\/{rel}","templated":true}]}}