{"id":155801,"date":"2025-11-17T23:08:14","date_gmt":"2025-11-17T23:08:14","guid":{"rendered":"https:\/\/www.europesays.com\/pt\/155801\/"},"modified":"2025-11-17T23:08:14","modified_gmt":"2025-11-17T23:08:14","slug":"estou-aqui-rita-pereira-faz-desabafo-emocionante-ao-lado-de-cristina-ferreira-novelas","status":"publish","type":"post","link":"https:\/\/www.europesays.com\/pt\/155801\/","title":{"rendered":"\u201cEstou aqui\u201d: Rita Pereira faz desabafo emocionante ao lado de Cristina Ferreira &#8211; Novelas"},"content":{"rendered":"<p data-end=\"683\" data-start=\"129\"><strong data-end=\"304\" data-start=\"129\"><a href=\"https:\/\/tvi.iol.pt\/novelas\/cristina-ferreira\/pedro-leitao\/senti-a-presenca-dele-cristina-ferreira-deixa-o-pais-em-comovido-com-revelacao-arrepiante\" rel=\"nofollow noopener\" target=\"_blank\">Cristina Ferreira<\/a> apresentou esta sexta-feira, 14 de novembro, o mais recente lan\u00e7amento da sua marca: os novos perfumes \u201cWe\u201d, dispon\u00edveis em vers\u00f5es feminina e masculina.<\/strong> A campanha, amplamente comentada nas redes sociais, contou com a presen\u00e7a de Jo\u00e3o Monteiro, refor\u00e7ando o impacto medi\u00e1tico do momento. O evento reuniu v\u00e1rias figuras p\u00fablicas, mas uma das interven\u00e7\u00f5es que mais se destacou foi a de Rita Pereira, que fez quest\u00e3o de elogiar n\u00e3o apenas o trabalho da apresentadora, mas tamb\u00e9m o simbolismo do projeto e a for\u00e7a do coletivo feminino.<\/p>\n<p data-end=\"1020\" data-start=\"685\">Nas redes sociais, <strong><a href=\"https:\/\/tvi.iol.pt\/novelas\/videos\/terra-forte-antonio-faz-ultimato-a-maria-de-fatima\/691607f30cf25591337610f9\" rel=\"nofollow noopener\" target=\"_blank\">Rita Pereira<\/a> partilhou uma reflex\u00e3o<\/strong> sobre o significado por detr\u00e1s do lan\u00e7amento, explicando que, para si, o produto representava muito mais do que uma fragr\u00e2ncia. \u00abOntem fui celebrar a @dailycristina e o lan\u00e7amento do WE, um perfume para ele e para ela da @eusougiraoficial. Mas, para mim, o significado foi maior.\u00bb<\/p>\n<blockquote class=\"instagram-media\" data-instgrm-captioned=\"\" data-instgrm-permalink=\"https:\/\/www.instagram.com\/p\/DRFHNIPjbP8\/?utm_source=ig_embed&amp;utm_campaign=loading\" data-instgrm-version=\"14\" style=\" background:#FFF; border:0; border-radius:3px; box-shadow:0 0 1px 0 rgba(0,0,0,0.5),0 1px 10px 0 rgba(0,0,0,0.15); margin: 1px; max-width:540px; min-width:326px; padding:0; width:99.375%; width:-webkit-calc(100% - 2px); width:calc(100% - 2px);\">\n<\/blockquote>\n<p data-end=\"1562\" data-start=\"1022\">A atriz sublinhou que <strong data-end=\"1193\" data-start=\"1044\">o conceito \u201cWe\u201d ultrapassa a ideia de um casal e traduz-se antes numa uni\u00e3o entre mulheres que se apoiam, se inspiram e se impulsionam mutuamente<\/strong>: \u00abPorque o WE n\u00e3o \u00e9 s\u00f3 sobre um casal. \u00c9 sobre o \u201cWE\u201d que existe entre mulheres que se apoiam, que se levantam, que se empurram para a frente nos seus sonhos e nos seus neg\u00f3cios. Porque alguns perfumes cheiram a muito mais do que notas florais ou amadeiradas, cheiram a hist\u00f3rias, a caminhos partilhados. A mulheres que dizem \u201cvai\u201d, mesmo quando o mundo diz \u201cespera\u201d.\u00bb<\/p>\n<p data-end=\"2057\" data-start=\"1564\">Rita Pereira refor\u00e7ou ainda que esta mensagem se torna cada vez mais urgente num contexto em que observa \u00abretrocesso\u00bb na forma como as mulheres s\u00e3o tratadas e percecionadas: <strong>\u00abE \u00e9 este testemunho que eu quero deixar aqui e que \u00e9 cada vez mais importante por todo o retrocesso que vejo a acontecer no \u201cmundo das mulheres\u201d. <\/strong>O \u201cn\u00f3s\u201d pode unir amigas, mulheres, que se celebram sem medo, que se aplaudem sem inveja, que se puxam umas \u00e0s outras como quem acende mais uma vela, nunca apagando a sua.\u00bb<\/p>\n<p data-end=\"2539\" data-start=\"2059\">A atriz descreveu o momento vivido ao lado de Cristina Ferreira como uma verdadeira celebra\u00e7\u00e3o da uni\u00e3o e da ambi\u00e7\u00e3o feminina: <strong>\u00abOntem, ao lado da Cristina, senti exatamente isso: que quando uma mulher sonha alto, outra pode sonhar com ela, e isso muda tudo. Estar, apoiar, dizer \u201cestou aqui\u201d, mesmo quando o perfume \u00e9 para eles e para elas, mas o gesto \u00e9 para n\u00f3s. E eu sa\u00ed de l\u00e1 perfumada de uni\u00e3o, de for\u00e7a feminina e daquele brilho bom que s\u00f3 existe quando \u201cWE WALK TOGETHER\u201d.\u00bb<\/strong><\/p>\n<p data-end=\"2691\" data-start=\"2541\">Rita terminou com um elogio direto \u00e0 apresentadora: \u00abParab\u00e9ns Cristina, tenho a certeza que \u00e9 mais um sucesso para ele e ela, ele e ele ou ela e ela.\u00bb<\/p>\n<p data-end=\"2955\" data-start=\"2693\">Nos coment\u00e1rios \u00e0 publica\u00e7\u00e3o, n\u00e3o tardaram as rea\u00e7\u00f5es. Cristina Ferreira respondeu apenas com: \u00abRita \u2764\ufe0f\u00bb. Al\u00e9m disso, multiplicaram-se elogios dos seguidores: \u00abQue linda\u00bb, \u00abAs minhas favoritas!\u00bb e \u00abAdorei. Mulheres empoderam mulheres se estiverem no seu centro.\u00bb<\/p>\n<p data-end=\"3109\" data-is-last-node=\"\" data-is-only-node=\"\" data-start=\"2957\"><strong data-end=\"3109\" data-is-last-node=\"\" data-start=\"2957\">O lan\u00e7amento do perfume \u201cWe\u201d tornou-se, assim, mais do que um evento comercial: transformou-se num manifesto de uni\u00e3o, for\u00e7a e consci\u00eancia feminina.<\/strong><\/p>\n<p>                        <script async src=\"\/\/www.instagram.com\/embed.js\"><\/script><\/p>\n","protected":false},"excerpt":{"rendered":"Cristina Ferreira apresentou esta sexta-feira, 14 de novembro, o mais recente lan\u00e7amento da sua marca: os novos perfumes&hellip;\n","protected":false},"author":2,"featured_media":155802,"comment_status":"","ping_status":"","sticky":false,"template":"","format":"standard","meta":{"footnotes":""},"categories":[142],"tags":[160,166,114,115,157,167,164,161,158,165,159,32,33,156,5871,163,151,162],"class_list":{"0":"post-155801","1":"post","2":"type-post","3":"status-publish","4":"format-standard","5":"has-post-thumbnail","7":"category-tv","8":"tag-ana-guiomar","9":"tag-cristina-ferreira","10":"tag-entertainment","11":"tag-entretenimento","12":"tag-festa-e-festa","13":"tag-ficcao","14":"tag-jose-fidalgo","15":"tag-novelas","16":"tag-para-sempre","17":"tag-pedro-sousa","18":"tag-pedro-teixeira","19":"tag-portugal","20":"tag-pt","21":"tag-queridos-papas","22":"tag-rita-pereira","23":"tag-tiago-teotonio-pereira","24":"tag-tv","25":"tag-tvi"},"share_on_mastodon":{"url":"https:\/\/pubeurope.com\/@pt\/115567559119208556","error":""},"_links":{"self":[{"href":"https:\/\/www.europesays.com\/pt\/wp-json\/wp\/v2\/posts\/155801","targetHints":{"allow":["GET"]}}],"collection":[{"href":"https:\/\/www.europesays.com\/pt\/wp-json\/wp\/v2\/posts"}],"about":[{"href":"https:\/\/www.europesays.com\/pt\/wp-json\/wp\/v2\/types\/post"}],"author":[{"embeddable":true,"href":"https:\/\/www.europesays.com\/pt\/wp-json\/wp\/v2\/users\/2"}],"replies":[{"embeddable":true,"href":"https:\/\/www.europesays.com\/pt\/wp-json\/wp\/v2\/comments?post=155801"}],"version-history":[{"count":0,"href":"https:\/\/www.europesays.com\/pt\/wp-json\/wp\/v2\/posts\/155801\/revisions"}],"wp:featuredmedia":[{"embeddable":true,"href":"https:\/\/www.europesays.com\/pt\/wp-json\/wp\/v2\/media\/155802"}],"wp:attachment":[{"href":"https:\/\/www.europesays.com\/pt\/wp-json\/wp\/v2\/media?parent=155801"}],"wp:term":[{"taxonomy":"category","embeddable":true,"href":"https:\/\/www.europesays.com\/pt\/wp-json\/wp\/v2\/categories?post=155801"},{"taxonomy":"post_tag","embeddable":true,"href":"https:\/\/www.europesays.com\/pt\/wp-json\/wp\/v2\/tags?post=155801"}],"curies":[{"name":"wp","href":"https:\/\/api.w.org\/{rel}","templated":true}]}}