{"id":155826,"date":"2025-11-17T23:33:10","date_gmt":"2025-11-17T23:33:10","guid":{"rendered":"https:\/\/www.europesays.com\/pt\/155826\/"},"modified":"2025-11-17T23:33:10","modified_gmt":"2025-11-17T23:33:10","slug":"david-fonseca-nega-ser-pai-do-filho-de-ana-sofia-martins-piada-de-mau-gosto","status":"publish","type":"post","link":"https:\/\/www.europesays.com\/pt\/155826\/","title":{"rendered":"David Fonseca &#8220;nega&#8221; ser pai do filho de Ana Sofia Martins. Piada de mau gosto?"},"content":{"rendered":"<p data-end=\"177\" data-start=\"0\">Ap\u00f3s Ana Sofia Martins, de 38 anos, ter revelado estar \u00e0 espera do primeiro filho, a pr\u00f3pria revelou numa entrevista que o marido, David Fonseca, &#8216;negou&#8217; ser o pai da crian\u00e7a aos vizinhos que o abordaram para o parabenizar.<\/p>\n<p data-end=\"177\" data-start=\"0\">O tema foi comentado no V+ Fama desta segunda-feira, 17 de novembro de 2025, por Adriano Silva Martins, Ant\u00f3nio Leal e Silva, Pimpinha Jardim e Pedro Capit\u00e3o.<\/p>\n","protected":false},"excerpt":{"rendered":"Ap\u00f3s Ana Sofia Martins, de 38 anos, ter revelado estar \u00e0 espera do primeiro filho, a pr\u00f3pria revelou&hellip;\n","protected":false},"author":2,"featured_media":155827,"comment_status":"","ping_status":"","sticky":false,"template":"","format":"standard","meta":{"footnotes":""},"categories":[145],"tags":[73,72,66,211,210,114,115,77,69,75,71,67,32,33,76,74,70,35,78,68],"class_list":{"0":"post-155826","1":"post","2":"type-post","3":"status-publish","4":"format-standard","5":"has-post-thumbnail","7":"category-celebridades","8":"tag-a-jornada","9":"tag-bate-bola","10":"tag-bom-dia-alegria","11":"tag-celebridades","12":"tag-celebrities","13":"tag-entertainment","14":"tag-entretenimento","15":"tag-estudio-estadio","16":"tag-fanaticos","17":"tag-livre-e-direto","18":"tag-nova-geracao","19":"tag-para-si","20":"tag-portugal","21":"tag-pt","22":"tag-segredos-do-prazer","23":"tag-segue-o-jogo","24":"tag-super-craques","25":"tag-transferencias","26":"tag-v-fama","27":"tag-var-aberto"},"share_on_mastodon":{"url":"https:\/\/pubeurope.com\/@pt\/115567657161320238","error":""},"_links":{"self":[{"href":"https:\/\/www.europesays.com\/pt\/wp-json\/wp\/v2\/posts\/155826","targetHints":{"allow":["GET"]}}],"collection":[{"href":"https:\/\/www.europesays.com\/pt\/wp-json\/wp\/v2\/posts"}],"about":[{"href":"https:\/\/www.europesays.com\/pt\/wp-json\/wp\/v2\/types\/post"}],"author":[{"embeddable":true,"href":"https:\/\/www.europesays.com\/pt\/wp-json\/wp\/v2\/users\/2"}],"replies":[{"embeddable":true,"href":"https:\/\/www.europesays.com\/pt\/wp-json\/wp\/v2\/comments?post=155826"}],"version-history":[{"count":0,"href":"https:\/\/www.europesays.com\/pt\/wp-json\/wp\/v2\/posts\/155826\/revisions"}],"wp:featuredmedia":[{"embeddable":true,"href":"https:\/\/www.europesays.com\/pt\/wp-json\/wp\/v2\/media\/155827"}],"wp:attachment":[{"href":"https:\/\/www.europesays.com\/pt\/wp-json\/wp\/v2\/media?parent=155826"}],"wp:term":[{"taxonomy":"category","embeddable":true,"href":"https:\/\/www.europesays.com\/pt\/wp-json\/wp\/v2\/categories?post=155826"},{"taxonomy":"post_tag","embeddable":true,"href":"https:\/\/www.europesays.com\/pt\/wp-json\/wp\/v2\/tags?post=155826"}],"curies":[{"name":"wp","href":"https:\/\/api.w.org\/{rel}","templated":true}]}}