{"id":155828,"date":"2025-11-17T23:36:16","date_gmt":"2025-11-17T23:36:16","guid":{"rendered":"https:\/\/www.europesays.com\/pt\/155828\/"},"modified":"2025-11-17T23:36:16","modified_gmt":"2025-11-17T23:36:16","slug":"atento-ao-secret-story-comentador-da-tvi-perde-a-paciencia-com-marisa-e-deixa-duras-criticas-em-direto","status":"publish","type":"post","link":"https:\/\/www.europesays.com\/pt\/155828\/","title":{"rendered":"Atento ao Secret Story, comentador da TVI perde a paci\u00eancia com Marisa e deixa duras cr\u00edticas em direto"},"content":{"rendered":"<p>Atento ao <a href=\"https:\/\/tvi.iol.pt\/secretstory\" rel=\"nofollow noopener\" target=\"_blank\">Secret Story<\/a>, comentador da TVI perde a paci\u00eancia com Marisa e deixa duras cr\u00edticas em direto, hoje.<\/p>\n<p>Quinaz dispara sobre Marisa em coment\u00e1rio p\u00f3s-gala<\/p>\n<p>A manh\u00e3 desta segunda-feira, no matutino da TVI, ficou marcada por coment\u00e1rios intensos sobre a mais recente gala da Casa dos Segredos. Cinha Jardim, Adriano Silva Martins e Gon\u00e7alo Quinaz analisaram os acontecimentos, mas foi o antigo jogador de futebol quem gerou maior impacto com cr\u00edticas contundentes dirigidas a Marisa.<\/p>\n<p>Logo no in\u00edcio da sua interven\u00e7\u00e3o, Quinaz mostrou-se claramente irritado com a postura da concorrente dentro da casa. <strong>\u201cDeixa-me s\u00f3 falar aqui um bocadinho da Marisa. Estou completamente saturado da Marisa. Intriguista, uma sonsa falsa, porque sonsa n\u00e3o tem rigorosamente nada\u201d<\/strong>, afirmou, sem rodeios.<\/p>\n<p>\u201cCada vez gosto menos da Marisa\u201d<\/p>\n<p>Al\u00e9m disso, o comentador voltou a recordar comportamentos passados da concorrente, relacionados com o marido Pedro Jorge, embora tenha frisa\u00addo que esse assunto j\u00e1 foi amplamente discutido. Ainda assim, n\u00e3o deixou de refor\u00e7ar o seu desagrado.<br \/><strong>\u201cE j\u00e1 n\u00e3o vou buscar tudo aquilo que ela fez e que disse do marido, j\u00e1 est\u00e1 mais que falado\u201d<\/strong>, sublinhou.<\/p>\n<p>Por fim, Quinaz concluiu com uma posi\u00e7\u00e3o firme sobre o percurso de Marisa. <strong>\u201cMas cada vez vou gostando menos da Marisa dentro da casa\u201d<\/strong>, afirmou, deixando claro que, para si, a concorrente est\u00e1 a perder for\u00e7a no jogo e fora dele.<\/p>\n<p><a href=\"https:\/\/news.google.com\/publications\/CAAqBwgKMKfIoAswtNK4Aw\" target=\"_blank\" rel=\"noopener noreferrer nofollow\"><img loading=\"lazy\" data-lazyloaded=\"1\" width=\"481\" height=\"161\" decoding=\"async\" src=\"\/wp-content\/uploads\/2024\/02\/GN_siganos.png\" alt=\"Siga-nos no Google News\" style=\"margin-top:20px;\"\/><\/a><\/p>\n","protected":false},"excerpt":{"rendered":"Atento ao Secret Story, comentador da TVI perde a paci\u00eancia com Marisa e deixa duras cr\u00edticas em direto,&hellip;\n","protected":false},"author":2,"featured_media":133965,"comment_status":"","ping_status":"","sticky":false,"template":"","format":"standard","meta":{"footnotes":""},"categories":[142],"tags":[2632,801,114,115,7089,21766,32,33,151],"class_list":{"0":"post-155828","1":"post","2":"type-post","3":"status-publish","4":"format-standard","5":"has-post-thumbnail","7":"category-tv","8":"tag-casa-dos-segredos","9":"tag-dois-as-10","10":"tag-entertainment","11":"tag-entretenimento","12":"tag-goncalo-quinaz","13":"tag-marisa-pires","14":"tag-portugal","15":"tag-pt","16":"tag-tv"},"share_on_mastodon":{"url":"https:\/\/pubeurope.com\/@pt\/115567669125421232","error":""},"_links":{"self":[{"href":"https:\/\/www.europesays.com\/pt\/wp-json\/wp\/v2\/posts\/155828","targetHints":{"allow":["GET"]}}],"collection":[{"href":"https:\/\/www.europesays.com\/pt\/wp-json\/wp\/v2\/posts"}],"about":[{"href":"https:\/\/www.europesays.com\/pt\/wp-json\/wp\/v2\/types\/post"}],"author":[{"embeddable":true,"href":"https:\/\/www.europesays.com\/pt\/wp-json\/wp\/v2\/users\/2"}],"replies":[{"embeddable":true,"href":"https:\/\/www.europesays.com\/pt\/wp-json\/wp\/v2\/comments?post=155828"}],"version-history":[{"count":0,"href":"https:\/\/www.europesays.com\/pt\/wp-json\/wp\/v2\/posts\/155828\/revisions"}],"wp:featuredmedia":[{"embeddable":true,"href":"https:\/\/www.europesays.com\/pt\/wp-json\/wp\/v2\/media\/133965"}],"wp:attachment":[{"href":"https:\/\/www.europesays.com\/pt\/wp-json\/wp\/v2\/media?parent=155828"}],"wp:term":[{"taxonomy":"category","embeddable":true,"href":"https:\/\/www.europesays.com\/pt\/wp-json\/wp\/v2\/categories?post=155828"},{"taxonomy":"post_tag","embeddable":true,"href":"https:\/\/www.europesays.com\/pt\/wp-json\/wp\/v2\/tags?post=155828"}],"curies":[{"name":"wp","href":"https:\/\/api.w.org\/{rel}","templated":true}]}}