{"id":155829,"date":"2025-11-17T23:39:08","date_gmt":"2025-11-17T23:39:08","guid":{"rendered":"https:\/\/www.europesays.com\/pt\/155829\/"},"modified":"2025-11-17T23:39:08","modified_gmt":"2025-11-17T23:39:08","slug":"erick-mendonca-vai-regressar-ao-sporting-no-verao-de-2026","status":"publish","type":"post","link":"https:\/\/www.europesays.com\/pt\/155829\/","title":{"rendered":"Erick Mendon\u00e7a vai regressar ao Sporting no ver\u00e3o de 2026"},"content":{"rendered":"<p>&#8211; Advertisement &#8211;<\/p>\n<p>Erick Mendon\u00e7a vai regressar ao Sporting no final desta temporada, segundo o jornalista Gustavo Mu\u00f1ana. O jogador encontra-se em final de contrato com o<a href=\"https:\/\/bolanarede.pt\/etiqueta\/barcelona\/\" target=\"_blank\" rel=\"noreferrer noopener nofollow\"> Barcelona<\/a> e n\u00e3o vai prolongar o seu v\u00ednculo com o emblema catal\u00e3o.<\/p>\n<p>O internacional portugu\u00eas tem 30 anos e atua como fixo. Erick Mendon\u00e7a chegou \u00e0 Catalunha em 2023 e na presente temporada leva sete encontros, sem qualquer golo marcado.<\/p>\n<p>O jogador tem duas passagens pelo Jo\u00e3o Rocha, a \u00faltima delas entre 2018 e 2023, onde se estabeleceu como um dos melhores do mundo no futsal.<\/p>\n<blockquote class=\"twitter-tweet\" data-width=\"550\" data-dnt=\"true\">\n<p lang=\"es\" dir=\"ltr\">La mejor info del Bar\u00e7a v\u00eda David Rubio. Erick no seguir\u00e1 y regresar\u00e1 a Sporting. Eso abre la b\u00fasqueda de un cierre. Dudas en el p\u00edvot con Fits, que tiene contrato hasta 2027. Jordi Torras debe afrontar las renovaciones de Catela -recuper\u00e1ndose-, Adolfo y Matheus, que acaban. <a href=\"https:\/\/t.co\/tI7m6SPOOo\" rel=\"nofollow\">https:\/\/t.co\/tI7m6SPOOo<\/a><\/p>\n<p>\u2014 Gustavo Mu\u00f1ana (@gustavomunana) <a href=\"https:\/\/twitter.com\/gustavomunana\/status\/1990487855253368882?ref_src=twsrc%5Etfw\" rel=\"nofollow noopener\" target=\"_blank\">November 17, 2025<\/a><\/p><\/blockquote>\n<p><script async src=\"https:\/\/platform.twitter.com\/widgets.js\" charset=\"utf-8\"><\/script><\/p>\n","protected":false},"excerpt":{"rendered":"&#8211; Advertisement &#8211; Erick Mendon\u00e7a vai regressar ao Sporting no final desta temporada, segundo o jornalista Gustavo Mu\u00f1ana.&hellip;\n","protected":false},"author":2,"featured_media":155830,"comment_status":"","ping_status":"","sticky":false,"template":"","format":"standard","meta":{"footnotes":""},"categories":[87],"tags":[260,1235,135,478,33468,1831,1830,32,33,34,134],"class_list":{"0":"post-155829","1":"post","2":"type-post","3":"status-publish","4":"format-standard","5":"has-post-thumbnail","7":"category-desporto","8":"tag-atualidade","9":"tag-barcelona","10":"tag-desporto","11":"tag-destaques-bnr","12":"tag-erick-mendonca","13":"tag-futsal","14":"tag-modalidades","15":"tag-portugal","16":"tag-pt","17":"tag-sporting","18":"tag-sports"},"share_on_mastodon":{"url":"https:\/\/pubeurope.com\/@pt\/115567680998100011","error":""},"_links":{"self":[{"href":"https:\/\/www.europesays.com\/pt\/wp-json\/wp\/v2\/posts\/155829","targetHints":{"allow":["GET"]}}],"collection":[{"href":"https:\/\/www.europesays.com\/pt\/wp-json\/wp\/v2\/posts"}],"about":[{"href":"https:\/\/www.europesays.com\/pt\/wp-json\/wp\/v2\/types\/post"}],"author":[{"embeddable":true,"href":"https:\/\/www.europesays.com\/pt\/wp-json\/wp\/v2\/users\/2"}],"replies":[{"embeddable":true,"href":"https:\/\/www.europesays.com\/pt\/wp-json\/wp\/v2\/comments?post=155829"}],"version-history":[{"count":0,"href":"https:\/\/www.europesays.com\/pt\/wp-json\/wp\/v2\/posts\/155829\/revisions"}],"wp:featuredmedia":[{"embeddable":true,"href":"https:\/\/www.europesays.com\/pt\/wp-json\/wp\/v2\/media\/155830"}],"wp:attachment":[{"href":"https:\/\/www.europesays.com\/pt\/wp-json\/wp\/v2\/media?parent=155829"}],"wp:term":[{"taxonomy":"category","embeddable":true,"href":"https:\/\/www.europesays.com\/pt\/wp-json\/wp\/v2\/categories?post=155829"},{"taxonomy":"post_tag","embeddable":true,"href":"https:\/\/www.europesays.com\/pt\/wp-json\/wp\/v2\/tags?post=155829"}],"curies":[{"name":"wp","href":"https:\/\/api.w.org\/{rel}","templated":true}]}}