{"id":155839,"date":"2025-11-17T23:53:09","date_gmt":"2025-11-17T23:53:09","guid":{"rendered":"https:\/\/www.europesays.com\/pt\/155839\/"},"modified":"2025-11-17T23:53:09","modified_gmt":"2025-11-17T23:53:09","slug":"jards-macale-influenciou-artistas-plasticas-do-brasil-17-11-2025-ilustrada","status":"publish","type":"post","link":"https:\/\/www.europesays.com\/pt\/155839\/","title":{"rendered":"Jards Macal\u00e9 influenciou artistas pl\u00e1sticas do Brasil &#8211; 17\/11\/2025 &#8211; Ilustrada"},"content":{"rendered":"<p>Jards Macal\u00e9, <a href=\"https:\/\/www1.folha.uol.com.br\/ilustrada\/2025\/11\/morre-o-musico-jards-macale.shtml\" rel=\"nofollow noopener\" target=\"\">morto nesta segunda-feira (17), aos 82 anos, <\/a>teve uma rela\u00e7\u00e3o de amizade com dois dos principais nomes da arte brasileira.<\/p>\n<p>Ele participou ao lado de<a href=\"https:\/\/www1.folha.uol.com.br\/folha-topicos\/caetano-veloso\/\" rel=\"nofollow noopener\" target=\"\"> Caetano Veloso <\/a>das sess\u00f5es de &#8220;Estrutura\u00e7\u00e3o do Self&#8221; comandadas por Lygia Clark. Criado pela artista pl\u00e1stica, esse m\u00e9todo de terapia se utilizava de elementos como pedras e sacos pl\u00e1sticos, ent\u00e3o chamados &#8220;Objetos Relacionais&#8221;.<\/p>\n<p>&#8220;A experi\u00eancia que tive com ela se compara a uma viagem de \u00e1cido; ela era uma bruxa, uma feiticeira&#8221;, disse Macal\u00e9 sobre a experi\u00eancia.<\/p>\n<p>O m\u00fasico, que participou durante dois anos da terapia, contou que a artista refletia sobre o vazio das pessoas. &#8220;Um dia, ela me disse: &#8216;quando voc\u00ea se sentir vazio, n\u00e3o lute contra o vazio. Aos poucos voc\u00ea vai ser preenchido at\u00e9 voltar ao normal criativo. Isso ficou como uma ora\u00e7\u00e3o para mim.'&#8221;<\/p>\n<p>A rela\u00e7\u00e3o dos dois extrapolou as sess\u00f5es de terapia e foi para o \u00e2mbito pessoal. Ele, por exemplo, levou a artista para ir a uma apresenta\u00e7\u00e3o de Tom Jobim e Vinicius de Moraes com sua m\u00e3e.<\/p>\n<p>Macal\u00e9 tamb\u00e9m teve uma rela\u00e7\u00e3o de amizade com H\u00e9lio Oiticica, outro expoente da arte brasileira.<\/p>\n<p>&#8220;Ele me influenciou pelo conceito de arte que tinha. Arte \u00e9 inven\u00e7\u00e3o e liberdade&#8221;, diz Macal\u00e9, em entrevista para o document\u00e1rio <a href=\"https:\/\/www1.folha.uol.com.br\/fsp\/ilustrada\/109734-quotwalachaiquot-tem-sessao-gratuita-e-debate-com-diretora.shtml\" rel=\"nofollow noopener\" target=\"_blank\">&#8220;Macal\u00e9ia&#8221;, dirigido pela cineasta Rejane Zilles, mulher do compositor<\/a>.<\/p>\n<p>Em 1978, Oiticica fez a ambienta\u00e7\u00e3o de uma festa de Macal\u00e9, transformando qualquer objeto encontrado no caminho em pe\u00e7a art\u00edstica. Na volta para casa, pensou em criar uma instala\u00e7\u00e3o para o amigo, que se chamaria &#8220;Macal\u00e9ia&#8221;, ecoando a mania de chamar todo mundo pelo feminino.<\/p>\n<p>A instala\u00e7\u00e3o \u00e9 toda formada por telas, daquelas usadas em janelas, em branco, vermelho, azul e amarelo. A multiplicidade crom\u00e1tica causa uma ilus\u00e3o de \u00f3tica, como se a obra imprimisse v\u00e1rios olhares para ela pr\u00f3pria.<\/p>\n<p>Como lembra o curta, os dois tinham amigos em comum e trabalharam, pela primeira vez, em 1970, num show de Gal Costa. Macal\u00e9 era o diretor art\u00edstico, e Oiticica, o diretor cenogr\u00e1fico. No mesmo ano, o disco &#8220;Legal&#8221;, da cantora baiana, reproduzia a mesma dupla do show. Macal\u00e9 fez os arranjos, enquanto Oiticica cuidou da arte da capa.<\/p>\n<p>Macal\u00e9 tamb\u00e9m estabeleceu uma ampla liga\u00e7\u00e3o com o cinema. Al\u00e9m de ter composto a trilha sonora de filmes de Nelson Pereira dos Santos, ele atuou em t\u00edtulos do cineasta como &#8220;O Amuleto de Ogum&#8221; e &#8220;Tenda dos Milagres&#8221;. Ele tamb\u00e9m foi o respons\u00e1vel por trilhar filmes como &#8220;Macuna\u00edma&#8221;, do diretor Joaquim Pedro de Andrade, entre outros t\u00edtulos.<\/p>\n<p>Tamb\u00e9m foram produzidos diferentes filmes a seu respeito. Em 2008, foi lan\u00e7ado o document\u00e1rio &#8220;Jards Macal\u00e9 &#8211; Um Morcego na Porta Principal&#8221;, descrito como uma trajet\u00f3ria &#8220;nada linear&#8221; a respeito do artista. Quatro anos mais tarde foi a vez de &#8220;Jards&#8221;, document\u00e1rio de Eryk Rocha que celebra a vida do multiartistas.<\/p>\n","protected":false},"excerpt":{"rendered":"Jards Macal\u00e9, morto nesta segunda-feira (17), aos 82 anos, teve uma rela\u00e7\u00e3o de amizade com dois dos principais&hellip;\n","protected":false},"author":2,"featured_media":155840,"comment_status":"","ping_status":"","sticky":false,"template":"","format":"standard","meta":{"footnotes":""},"categories":[144],"tags":[207,205,206,203,201,202,204,114,115,236,150,32,33],"class_list":{"0":"post-155839","1":"post","2":"type-post","3":"status-publish","4":"format-standard","5":"has-post-thumbnail","7":"category-arte-e-design","8":"tag-arte","9":"tag-arte-e-design","10":"tag-artedesign","11":"tag-arts","12":"tag-arts-and-design","13":"tag-artsanddesign","14":"tag-design","15":"tag-entertainment","16":"tag-entretenimento","17":"tag-folha","18":"tag-musica","19":"tag-portugal","20":"tag-pt"},"share_on_mastodon":{"url":"https:\/\/pubeurope.com\/@pt\/115567735786143597","error":""},"_links":{"self":[{"href":"https:\/\/www.europesays.com\/pt\/wp-json\/wp\/v2\/posts\/155839","targetHints":{"allow":["GET"]}}],"collection":[{"href":"https:\/\/www.europesays.com\/pt\/wp-json\/wp\/v2\/posts"}],"about":[{"href":"https:\/\/www.europesays.com\/pt\/wp-json\/wp\/v2\/types\/post"}],"author":[{"embeddable":true,"href":"https:\/\/www.europesays.com\/pt\/wp-json\/wp\/v2\/users\/2"}],"replies":[{"embeddable":true,"href":"https:\/\/www.europesays.com\/pt\/wp-json\/wp\/v2\/comments?post=155839"}],"version-history":[{"count":0,"href":"https:\/\/www.europesays.com\/pt\/wp-json\/wp\/v2\/posts\/155839\/revisions"}],"wp:featuredmedia":[{"embeddable":true,"href":"https:\/\/www.europesays.com\/pt\/wp-json\/wp\/v2\/media\/155840"}],"wp:attachment":[{"href":"https:\/\/www.europesays.com\/pt\/wp-json\/wp\/v2\/media?parent=155839"}],"wp:term":[{"taxonomy":"category","embeddable":true,"href":"https:\/\/www.europesays.com\/pt\/wp-json\/wp\/v2\/categories?post=155839"},{"taxonomy":"post_tag","embeddable":true,"href":"https:\/\/www.europesays.com\/pt\/wp-json\/wp\/v2\/tags?post=155839"}],"curies":[{"name":"wp","href":"https:\/\/api.w.org\/{rel}","templated":true}]}}