{"id":15584,"date":"2025-08-04T13:35:12","date_gmt":"2025-08-04T13:35:12","guid":{"rendered":"https:\/\/www.europesays.com\/pt\/15584\/"},"modified":"2025-08-04T13:35:12","modified_gmt":"2025-08-04T13:35:12","slug":"com-159-sonhos-realizados-5o-mega-feirao-de-automoveis-e-motos-de-taio-iguala-marca-da-edicao-passada","status":"publish","type":"post","link":"https:\/\/www.europesays.com\/pt\/15584\/","title":{"rendered":"Com 159 sonhos realizados, 5\u00ba Mega Feir\u00e3o de Autom\u00f3veis e Motos de Tai\u00f3 iguala marca da edi\u00e7\u00e3o passada"},"content":{"rendered":"<p>&#13;<br \/>\n                &#13;<br \/>\n                    &#13;<br \/>\n                    &#13;<br \/>\n                    &#13;<br \/>\n                    &#13;<br \/>\n                    &#13;<br \/>\n                    &#13;<br \/>\n                    04\/08\/2025 09h15 &#8211; Atualizado em 04\/08\/2025 10h26&#13;<br \/>\n                    &#13;<br \/>\n                    &#13;<br \/>\n                    &#13;<br \/>\n                    Evento fou um sucesso e CDL agradece a todos os participantes                &#13;<br \/>\n&#13;<br \/>\n                &#13;<br \/>\n                &#13;<br \/>\n&#13;<\/p>\n<p>                            <img decoding=\"async\" border=\"0\" width=\"700px\" height=\"100px\" src=\"https:\/\/www.europesays.com\/pt\/wp-content\/uploads\/2025\/07\/1754000890_212_assistencia-familiar-alto-vale.gif\" alt=\"Assist\u00eancia Familiar Alto Vale\" title=\"Assist\u00eancia Familiar Alto Vale\"\/>                      &#13;<br \/>\n&#13;<br \/>\n&#13;<br \/>\n&#13;<\/p>\n<p>                                <a href=\"\" title=\"FOTOS: Com 159 sonhos realizados, 5\u00ba Mega Feir\u00e3o de Autom\u00f3veis e Motos de Tai\u00f3 iguala marca da edi\u00e7\u00e3o passada\">&#13;<br \/>\n                                    <img decoding=\"async\" alt=\"Fotos: Divulga\u00e7\u00e3o \/ CDL Tai\u00f3\" title=\"FOTOS: Com 159 sonhos realizados, 5\u00ba Mega Feir\u00e3o de Autom\u00f3veis e Motos de Tai\u00f3 iguala marca da edi\u00e7\u00e3o passada\" src=\"https:\/\/www.europesays.com\/pt\/wp-content\/uploads\/2025\/08\/imagem-do-whatsapp-de-2025-08-02-as-18-50-49_ddd0b102-e1754309679837.jpg\" class=\"size-full\"\/>&#13;<br \/>\n                                <\/a><\/p>\n<p class=\"wp-caption-text\">Fotos: Divulga\u00e7\u00e3o \/ CDL Tai\u00f3<\/p>\n<p>O 5\u00ba Mega Feir\u00e3o de Autom\u00f3veis e Motos de Tai\u00f3, realizado no \u00faltimo fim de semana, foi um verdadeiro sucesso, atingindo a marca recorde da \u00faltima edi\u00e7\u00e3o, com 159 neg\u00f3cios fechados, realizando o sonho de diversas fam\u00edlias de Tai\u00f3 e regi\u00e3o que puderam trocar de carro ou moto ou at\u00e9 mesmo conquistar seu primeiro ve\u00edculo.<\/p>\n<p>\u00a0<\/p>\n<p>Segundo balan\u00e7o da C\u00e2mara de Dirigentes Lojistas, cerca de R$ 15 milh\u00f5es foram movimentados.<\/p>\n<p>\u00a0<\/p>\n<p style=\"text-align: center;\">\n<p>\u00a0<\/p>\n<p>A CDL Tai\u00f3 agradece a todas as empresas parceiras e parabeniza todos os clientes das lojas participantes, bem como as cooperativas e colaboradores que estiveram presentes no evento.<\/p>\n<p>\u00a0<\/p>\n<p style=\"text-align: center;\"><strong>Confira as imagens de todos os 159 neg\u00f3cios:<\/strong><\/p>\n<p>                                &#13;<br \/>\n                &#13;<br \/>\n                        <a href=\"https:\/\/instagram.com\/justencelulares\/\" rel=\"nofollow noopener\" target=\"_blank\"><img decoding=\"async\" border=\"0\" width=\"700px\" height=\"100px\" src=\"https:\/\/www.europesays.com\/pt\/wp-content\/uploads\/2025\/07\/mmm.gif\" alt=\"Justen Celulares\" title=\"Justen Celulares\"\/><\/a>  &#13;<br \/>\n                     &#13;<br \/>\n                &#13;<br \/>\n                    &#13;<br \/>\n                &#13;<\/p>\n<p>                &#13;<br \/>\n                &#13;<br \/>\n                &#13;<br \/>\n            <script async src=\"\/\/www.instagram.com\/embed.js\"><\/script><\/p>\n","protected":false},"excerpt":{"rendered":"&#13; &#13; &#13; &#13; &#13; &#13; &#13; &#13; 04\/08\/2025 09h15 &#8211; Atualizado em 04\/08\/2025 10h26&#13; &#13; &#13; &#13;&hellip;\n","protected":false},"author":2,"featured_media":15585,"comment_status":"","ping_status":"","sticky":false,"template":"","format":"standard","meta":{"footnotes":""},"categories":[141],"tags":[114,115,149,150,32,33],"class_list":{"0":"post-15584","1":"post","2":"type-post","3":"status-publish","4":"format-standard","5":"has-post-thumbnail","7":"category-musica","8":"tag-entertainment","9":"tag-entretenimento","10":"tag-music","11":"tag-musica","12":"tag-portugal","13":"tag-pt"},"share_on_mastodon":{"url":"","error":""},"_links":{"self":[{"href":"https:\/\/www.europesays.com\/pt\/wp-json\/wp\/v2\/posts\/15584","targetHints":{"allow":["GET"]}}],"collection":[{"href":"https:\/\/www.europesays.com\/pt\/wp-json\/wp\/v2\/posts"}],"about":[{"href":"https:\/\/www.europesays.com\/pt\/wp-json\/wp\/v2\/types\/post"}],"author":[{"embeddable":true,"href":"https:\/\/www.europesays.com\/pt\/wp-json\/wp\/v2\/users\/2"}],"replies":[{"embeddable":true,"href":"https:\/\/www.europesays.com\/pt\/wp-json\/wp\/v2\/comments?post=15584"}],"version-history":[{"count":0,"href":"https:\/\/www.europesays.com\/pt\/wp-json\/wp\/v2\/posts\/15584\/revisions"}],"wp:featuredmedia":[{"embeddable":true,"href":"https:\/\/www.europesays.com\/pt\/wp-json\/wp\/v2\/media\/15585"}],"wp:attachment":[{"href":"https:\/\/www.europesays.com\/pt\/wp-json\/wp\/v2\/media?parent=15584"}],"wp:term":[{"taxonomy":"category","embeddable":true,"href":"https:\/\/www.europesays.com\/pt\/wp-json\/wp\/v2\/categories?post=15584"},{"taxonomy":"post_tag","embeddable":true,"href":"https:\/\/www.europesays.com\/pt\/wp-json\/wp\/v2\/tags?post=15584"}],"curies":[{"name":"wp","href":"https:\/\/api.w.org\/{rel}","templated":true}]}}