{"id":155843,"date":"2025-11-17T23:57:13","date_gmt":"2025-11-17T23:57:13","guid":{"rendered":"https:\/\/www.europesays.com\/pt\/155843\/"},"modified":"2025-11-17T23:57:13","modified_gmt":"2025-11-17T23:57:13","slug":"policiais-vampiros-tocam-o-terror-no-trailer-de-patrulha-noturna-confira","status":"publish","type":"post","link":"https:\/\/www.europesays.com\/pt\/155843\/","title":{"rendered":"Policiais vampiros tocam o TERROR no trailer de &#8216;Patrulha Noturna&#8217;; Confira!"},"content":{"rendered":"<p>O terror de vampiros \u2018<strong><a href=\"https:\/\/cinepop.com.br\/tag\/patrulha-noturna\/\" title=\"Patrulha Noturna\" rel=\"nofollow noopener\" target=\"_blank\">Patrulha Noturna<\/a><\/strong>\u2018 (<a href=\"https:\/\/cinepop.com.br\/tag\/night-patrol\/\" title=\"Night Patrol\" rel=\"nofollow noopener\" target=\"_blank\">Night Patrol<\/a>) ganhou o primeiro trailer.<\/p>\n<p>Confira e siga o <a href=\"https:\/\/www.youtube.com\/@cinepop\" rel=\"nofollow noopener\" target=\"_blank\"><strong>CinePOP no YouTube<\/strong><\/a>:<\/p>\n<p><strong><a href=\"https:\/\/cinepop.com.br\/tag\/ryan-prows\/\" title=\"Ryan Prows\" rel=\"nofollow noopener\" target=\"_blank\">Ryan Prows<\/a><\/strong>\u00a0(\u2018V\/H\/S\/94\u2019) \u00e9 respons\u00e1vel pela dire\u00e7\u00e3o.<\/p>\n<p>Um policial do Departamento de Pol\u00edcia de Los Angeles precisa deixar de lado suas diferen\u00e7as com as gangues de rua da regi\u00e3o ao descobrir que uma for\u00e7a-tarefa policial local est\u00e1 escondendo um segredo terr\u00edvel que coloca em risco os moradores dos conjuntos habitacionais onde ele cresceu.<\/p>\n<p><strong><a href=\"https:\/\/cinepop.com.br\/tag\/justin-long\/\" title=\"Justin Long\" rel=\"nofollow noopener\" target=\"_blank\">Justin Long<\/a><\/strong> (\u2018Noites Brutais\u2019) e o lutador da WWE <strong><a href=\"https:\/\/cinepop.com.br\/tag\/phil-brooks\/\" title=\"Phil Brooks\" rel=\"nofollow noopener\" target=\"_blank\">Phil Brooks<\/a><\/strong> estrelam a produ\u00e7\u00e3o. O elenco ainda conta com <strong>Jermaine Fowler<\/strong>,<strong> RJ Cyler<\/strong>,<strong> Freddie Gibbs<\/strong>,<strong> YG,\u00a0Flying Lotus<\/strong>,<strong> Dermot Mulroney<\/strong>,<strong> Jon Oswald <\/strong>e\u00a0<strong>Nicki Micheaux<\/strong>.<\/p>\n<p>O terror ser\u00e1 lan\u00e7ado nos cinemas norte-americanos no <strong>dia 16 de janeiro de 2026<\/strong>.<\/p>\n<p><img fetchpriority=\"high\" decoding=\"async\" class=\"alignnone size-large wp-image-703843\" src=\"https:\/\/www.europesays.com\/pt\/wp-content\/uploads\/2025\/11\/night-patrol-poster-691x1024.webp.webp\" alt=\"\" width=\"691\" height=\"1024\"  \/><\/p>\n","protected":false},"excerpt":{"rendered":"O terror de vampiros \u2018Patrulha Noturna\u2018 (Night Patrol) ganhou o primeiro trailer. Confira e siga o CinePOP no&hellip;\n","protected":false},"author":2,"featured_media":155844,"comment_status":"","ping_status":"","sticky":false,"template":"","format":"standard","meta":{"footnotes":""},"categories":[140],"tags":[114,115,147,148,18035,146,33486,33487,33488,32,33,33489],"class_list":{"0":"post-155843","1":"post","2":"type-post","3":"status-publish","4":"format-standard","5":"has-post-thumbnail","7":"category-filmes","8":"tag-entertainment","9":"tag-entretenimento","10":"tag-film","11":"tag-filmes","12":"tag-justin-long","13":"tag-movies","14":"tag-night-patrol","15":"tag-patrulha-noturna","16":"tag-phil-brooks","17":"tag-portugal","18":"tag-pt","19":"tag-ryan-prows"},"share_on_mastodon":{"url":"https:\/\/pubeurope.com\/@pt\/115567751831944463","error":""},"_links":{"self":[{"href":"https:\/\/www.europesays.com\/pt\/wp-json\/wp\/v2\/posts\/155843","targetHints":{"allow":["GET"]}}],"collection":[{"href":"https:\/\/www.europesays.com\/pt\/wp-json\/wp\/v2\/posts"}],"about":[{"href":"https:\/\/www.europesays.com\/pt\/wp-json\/wp\/v2\/types\/post"}],"author":[{"embeddable":true,"href":"https:\/\/www.europesays.com\/pt\/wp-json\/wp\/v2\/users\/2"}],"replies":[{"embeddable":true,"href":"https:\/\/www.europesays.com\/pt\/wp-json\/wp\/v2\/comments?post=155843"}],"version-history":[{"count":0,"href":"https:\/\/www.europesays.com\/pt\/wp-json\/wp\/v2\/posts\/155843\/revisions"}],"wp:featuredmedia":[{"embeddable":true,"href":"https:\/\/www.europesays.com\/pt\/wp-json\/wp\/v2\/media\/155844"}],"wp:attachment":[{"href":"https:\/\/www.europesays.com\/pt\/wp-json\/wp\/v2\/media?parent=155843"}],"wp:term":[{"taxonomy":"category","embeddable":true,"href":"https:\/\/www.europesays.com\/pt\/wp-json\/wp\/v2\/categories?post=155843"},{"taxonomy":"post_tag","embeddable":true,"href":"https:\/\/www.europesays.com\/pt\/wp-json\/wp\/v2\/tags?post=155843"}],"curies":[{"name":"wp","href":"https:\/\/api.w.org\/{rel}","templated":true}]}}