{"id":155845,"date":"2025-11-17T23:58:16","date_gmt":"2025-11-17T23:58:16","guid":{"rendered":"https:\/\/www.europesays.com\/pt\/155845\/"},"modified":"2025-11-17T23:58:16","modified_gmt":"2025-11-17T23:58:16","slug":"o-video-de-sabalenka-a-nadar-com-tubaroes-que-esta-a-fazer-furor-o-jogo","status":"publish","type":"post","link":"https:\/\/www.europesays.com\/pt\/155845\/","title":{"rendered":"O v\u00eddeo de Sabalenka a nadar com tubar\u00f5es que est\u00e1 a fazer furor &#8211; O Jogo"},"content":{"rendered":"<ol>\n<li><a href=\"https:\/\/news.google.com\/rss\/articles\/CBMirAFBVV95cUxOQUNIbk4zYzV2dElaS3JIT2dJNFFlM3hOdGJKR25rcmsyeUQ5MUdQZGJUVThIMzNfQVZhUFQycW9tOXJnZVpzcjRhQ19leklwcnllQkpjcGM0ajdtMmdjQVBVb2gxeHFLem9qREpidVZKSlVrdDFnaGw0azJzNDJORm5RTzhVa2E2QzBjYjJrQklRbDBwTHk5eWotY0xpYXZDME8yR0VNMHBBZ09a?oc=5\" target=\"_blank\" rel=\"nofollow noopener\">O v\u00eddeo de Sabalenka a nadar com tubar\u00f5es que est\u00e1 a fazer furor<\/a>&nbsp;&nbsp;O Jogo<\/li>\n<li><a href=\"https:\/\/news.google.com\/rss\/articles\/CBMi-gFBVV95cUxPenNyN09zM1FsXzh5eTM2bE53ajIxYmJUSFN3eGVQeUpIUXpiYmx0d1Y5U1JRZmNMVTN2MURKdzhwZVNEY2JtbnlxZWQ0VXlIenNXcTQ2WFRqUjM3MjQ0emFpSXZlTndEaGhkZjBRX1ViSk5mbWNXRXo2RlpjVU1MUVZ6dXhoak82b1gxRmlOel9SdFZxRWZweFJpLWd0dTBKZHlmbXNSRndncDB6X042WG41NzdPdkR6Mzg2UExTM1VPNkh4eDRKbVdlUkR5ME4xSUVzTUlvOEhBWE51TnFRM1dzTEktMmc5X3daRDRnMS1UdzhUS3lWbXhB0gGIAkFVX3lxTFA4NlNibDVxd093Q2VvT1dDZ0JBTnFna01JUzVZOHVXS3Q0RnkyeVVqaVFmZmFZOVdlOFE3STNjQkZsSUgtMHEtTHFkQkVaZ2o3S2FDVzBQSTFYYmpiS0UzWEl5a1NlR0xMczRzdVJFZ2tVMmNDYWdoOUZCY0lrWW5RRnFkaTlsT2VqZ2tSalBQeTV2YUl6UDhLYkNQTUozYmdkTHZoY0wta0h4VDZMUWU0N0U1Wmo0QXF0Ml96Q3RIY3hkOXYyRUhITnpUU1ZKNGN6NWgxYU1Td0NISEExVVk4T3B2a2xjdEpTaUJEQS1FeXpRaTI3SUZEZUJaZjZvS3lIVGNRTkdwUA?oc=5\" target=\"_blank\" rel=\"nofollow noopener\">Sabalenka encerra temporada com retiro nas Maldivas e mergulha em meio a tubar\u00f5es ao lado do namorado; v\u00eddeo<\/a>&nbsp;&nbsp;O Globo<\/li>\n<li><a href=\"https:\/\/news.google.com\/rss\/articles\/CBMinwFBVV95cUxPdllVS3NlTVBEWE81Qm1PUmJaSVI4SzhDdXBKUF9ydmVBekU1TkkxRnZnNW5sTXVoQVFOT245ajVKODJSTzItdVlRaVlBTFFpTzVvTWNyM1lmY0JLRnJleGZoODV1UnNTaDU5YjhITVlIRW1saTB4SFYwOU5PanpGLWZIWkk3ZWNiVDJ0X1VmNW56RllmTmtNU1E3eGNJQlU?oc=5\" target=\"_blank\" rel=\"nofollow noopener\">Sabalenka supera marca de Halep como n\u00famero 1 e mira Wozniacki<\/a>&nbsp;&nbsp;TenisBrasil<\/li>\n<li><a href=\"https:\/\/news.google.com\/rss\/articles\/CBMizwFBVV95cUxNWGZBQ3R6UndsWXRwOXItTVlabVlKcGVmR2c3MF84Ul96anFXeXppaldDSFB5emN0QzFaX3ZKR0JMVkVxaDgxUDZIWmxNN0QtRTlmOGc5dldNaThyYmRPX1VlMVdKM01vZHFKcjZoeU5oUnZ0VXpmRnZpSnBmX1NfUnYxdzBSMS1tOV8zZlA0TjJQajhERXM5T3hZbE8td0NYMXJXV2pNejNaR3hBbFB3X1VtVmFTdEJnbkRBNGt3eGRBUFp1WjJWeWRsakljamM?oc=5\" target=\"_blank\" rel=\"nofollow noopener\">Ap\u00f3s fechar o ano no topo do ranking, Sabalenka deixa quadra para mergulhar com tubar\u00f5es<\/a>&nbsp;&nbsp;R7 Esportes<\/li>\n<li><a href=\"https:\/\/news.google.com\/rss\/articles\/CBMiuwFBVV95cUxNdDhYTmlpVXJTakxvM1J6aFlsZGJaUkUwZDB1b2JRZjNpRFlsaTdRZzZpcy1sVVh3a196RGZBYUVkZGtJalVrVFFhemhDdHYxM2Iyb3dxV2V2eG1mbUhmUjlUU1hpdXNBZlQ1ZDI5azQzLV9xQzBNR1hkb1V2c3JDRnR4OHVaNmliUWdFQmpZQTIzWHg5SUgzS2NDLWZrQXl1WEFfcVBZeU1pYjJ2QmUxbnJ0cjBPRk1uUnJV?oc=5\" target=\"_blank\" rel=\"nofollow noopener\">Aryna Sabalenka curte fim da temporada em viagem com namorado; veja destino<\/a>&nbsp;&nbsp;CNN Brasil<\/li>\n<\/ol>\n","protected":false},"excerpt":{"rendered":"O v\u00eddeo de Sabalenka a nadar com tubar\u00f5es que est\u00e1 a fazer furor&nbsp;&nbsp;O Jogo Sabalenka encerra temporada com&hellip;\n","protected":false},"author":2,"featured_media":155846,"comment_status":"","ping_status":"","sticky":false,"template":"","format":"standard","meta":{"footnotes":""},"categories":[87],"tags":[25924,17420,135,3001,32,33,134,227],"class_list":{"0":"post-155845","1":"post","2":"type-post","3":"status-publish","4":"format-standard","5":"has-post-thumbnail","7":"category-desporto","8":"tag-area-j","9":"tag-aryna-sabalenka","10":"tag-desporto","11":"tag-multimedia","12":"tag-portugal","13":"tag-pt","14":"tag-sports","15":"tag-videos"},"share_on_mastodon":{"url":"https:\/\/pubeurope.com\/@pt\/115567755614022698","error":""},"_links":{"self":[{"href":"https:\/\/www.europesays.com\/pt\/wp-json\/wp\/v2\/posts\/155845","targetHints":{"allow":["GET"]}}],"collection":[{"href":"https:\/\/www.europesays.com\/pt\/wp-json\/wp\/v2\/posts"}],"about":[{"href":"https:\/\/www.europesays.com\/pt\/wp-json\/wp\/v2\/types\/post"}],"author":[{"embeddable":true,"href":"https:\/\/www.europesays.com\/pt\/wp-json\/wp\/v2\/users\/2"}],"replies":[{"embeddable":true,"href":"https:\/\/www.europesays.com\/pt\/wp-json\/wp\/v2\/comments?post=155845"}],"version-history":[{"count":0,"href":"https:\/\/www.europesays.com\/pt\/wp-json\/wp\/v2\/posts\/155845\/revisions"}],"wp:featuredmedia":[{"embeddable":true,"href":"https:\/\/www.europesays.com\/pt\/wp-json\/wp\/v2\/media\/155846"}],"wp:attachment":[{"href":"https:\/\/www.europesays.com\/pt\/wp-json\/wp\/v2\/media?parent=155845"}],"wp:term":[{"taxonomy":"category","embeddable":true,"href":"https:\/\/www.europesays.com\/pt\/wp-json\/wp\/v2\/categories?post=155845"},{"taxonomy":"post_tag","embeddable":true,"href":"https:\/\/www.europesays.com\/pt\/wp-json\/wp\/v2\/tags?post=155845"}],"curies":[{"name":"wp","href":"https:\/\/api.w.org\/{rel}","templated":true}]}}