{"id":155851,"date":"2025-11-18T00:03:46","date_gmt":"2025-11-18T00:03:46","guid":{"rendered":"https:\/\/www.europesays.com\/pt\/155851\/"},"modified":"2025-11-18T00:03:46","modified_gmt":"2025-11-18T00:03:46","slug":"joao-cotrim-figueiredo-despesismo-e-gastar-se-15-mil-euros-para-comprar-a-letra-de-uma-cancao-para-o-banco-de-portugal","status":"publish","type":"post","link":"https:\/\/www.europesays.com\/pt\/155851\/","title":{"rendered":"Jo\u00e3o Cotrim Figueiredo: \u201cDespesismo \u00e9 gastar-se 15 mil euros para comprar a letra de uma can\u00e7\u00e3o para o Banco de Portugal\u201d"},"content":{"rendered":"<p>Na segunda parte do Isto \u00c9 Gozar Com Quem Trabalha, Ricardo Ara\u00fajo Pereira entrevista Jo\u00e3o Cotrim Figueiredo, candidato \u00e0 Presid\u00eancia da Rep\u00fablica apoiado pela Iniciativa Liberal<\/p>\n<p>\u201cNormalmente, as pessoas de quem a gente fala t\u00eam empregos a s\u00e9rio, ao contr\u00e1rio de n\u00f3s. S\u00e3o ministros, empres\u00e1rios, banqueiros\u2026 Basicamente, o que a gente faz \u00e9 gozar com quem trabalha\u201d R.A.P. Ou\u00e7a mais epis\u00f3dios:<\/p>\n","protected":false},"excerpt":{"rendered":"Na segunda parte do Isto \u00c9 Gozar Com Quem Trabalha, Ricardo Ara\u00fajo Pereira entrevista Jo\u00e3o Cotrim Figueiredo, candidato&hellip;\n","protected":false},"author":2,"featured_media":155852,"comment_status":"","ping_status":"","sticky":false,"template":"","format":"standard","meta":{"footnotes":""},"categories":[50],"tags":[27,28,15,16,14,25,26,21,22,62,12,13,19,20,23,24,17,18,29,30,31,63,64,65],"class_list":{"0":"post-155851","1":"post","2":"type-post","3":"status-publish","4":"format-standard","5":"has-post-thumbnail","7":"category-mundo","8":"tag-breaking-news","9":"tag-breakingnews","10":"tag-featured-news","11":"tag-featurednews","12":"tag-headlines","13":"tag-latest-news","14":"tag-latestnews","15":"tag-main-news","16":"tag-mainnews","17":"tag-mundo","18":"tag-news","19":"tag-noticias","20":"tag-noticias-principais","21":"tag-noticiasprincipais","22":"tag-principais-noticias","23":"tag-principaisnoticias","24":"tag-top-stories","25":"tag-topstories","26":"tag-ultimas","27":"tag-ultimas-noticias","28":"tag-ultimasnoticias","29":"tag-world","30":"tag-world-news","31":"tag-worldnews"},"share_on_mastodon":{"url":"https:\/\/pubeurope.com\/@pt\/115567775253692752","error":""},"_links":{"self":[{"href":"https:\/\/www.europesays.com\/pt\/wp-json\/wp\/v2\/posts\/155851","targetHints":{"allow":["GET"]}}],"collection":[{"href":"https:\/\/www.europesays.com\/pt\/wp-json\/wp\/v2\/posts"}],"about":[{"href":"https:\/\/www.europesays.com\/pt\/wp-json\/wp\/v2\/types\/post"}],"author":[{"embeddable":true,"href":"https:\/\/www.europesays.com\/pt\/wp-json\/wp\/v2\/users\/2"}],"replies":[{"embeddable":true,"href":"https:\/\/www.europesays.com\/pt\/wp-json\/wp\/v2\/comments?post=155851"}],"version-history":[{"count":0,"href":"https:\/\/www.europesays.com\/pt\/wp-json\/wp\/v2\/posts\/155851\/revisions"}],"wp:featuredmedia":[{"embeddable":true,"href":"https:\/\/www.europesays.com\/pt\/wp-json\/wp\/v2\/media\/155852"}],"wp:attachment":[{"href":"https:\/\/www.europesays.com\/pt\/wp-json\/wp\/v2\/media?parent=155851"}],"wp:term":[{"taxonomy":"category","embeddable":true,"href":"https:\/\/www.europesays.com\/pt\/wp-json\/wp\/v2\/categories?post=155851"},{"taxonomy":"post_tag","embeddable":true,"href":"https:\/\/www.europesays.com\/pt\/wp-json\/wp\/v2\/tags?post=155851"}],"curies":[{"name":"wp","href":"https:\/\/api.w.org\/{rel}","templated":true}]}}