{"id":155855,"date":"2025-11-18T00:05:12","date_gmt":"2025-11-18T00:05:12","guid":{"rendered":"https:\/\/www.europesays.com\/pt\/155855\/"},"modified":"2025-11-18T00:05:12","modified_gmt":"2025-11-18T00:05:12","slug":"ventura-e-seguro-com-pouco-a-dizer-um-ao-outro-num-debate-que-ate-teve-bangladesh","status":"publish","type":"post","link":"https:\/\/www.europesays.com\/pt\/155855\/","title":{"rendered":"Ventura e Seguro com pouco a dizer um ao outro num debate que at\u00e9 teve Bangladesh"},"content":{"rendered":"<p>O primeiro dos 28 debates televisivos entre os oito principais candidatos \u00e0 Presid\u00eancia da Rep\u00fablica mostrou as claras e evidentes diferen\u00e7as de tom e ideias entre Andr\u00e9 Ventura e Ant\u00f3nio Jos\u00e9 Seguro, provavelmente os dois de entre os mais bem colocados nas sondagens que disputar\u00e3o menos eleitores entre si.<\/p>\n<p>O antigo secret\u00e1rio-geral do PS optou pela serenidade e por uma interpreta\u00e7\u00e3o do que deve ser o sentido de Estado, muitas vezes reduzido a &#8220;conversa da treta&#8221; pelo interlocutor, referindo-se a Ventura como &#8220;senhor deputado&#8221; e manifestando vontade de o receber em Bel\u00e9m enquanto l\u00edder partid\u00e1rio. Seguro foi sobretudo incisivo ao dizer que o l\u00edder do Chega estava na elei\u00e7\u00e3o errada, visto que a sua ambi\u00e7\u00e3o passa por vir a ser primeiro-ministro.<\/p>\n<p>Andr\u00e9 Ventura defendeu uma revis\u00e3o constitucional que permita um Presidente da Rep\u00fablica &#8220;mais atuante&#8221; do que a &#8220;jarra de enfeitar&#8221; que considera ter sido Marcelo Rebelo de Sousa. No entanto, concentrou-se sobretudo nos temas que s\u00e3o mais caros ao Chega, nomeadamente a imigra\u00e7\u00e3o. Mais do que \u00e0s atividades criminosas, ligou os imigrantes ao &#8220;bar aberto&#8221; que considera existir no Servi\u00e7o Nacional de Sa\u00fade, defendendo que &#8220;os portugueses devem estar primeiro&#8221; no acesso a tratamentos.<\/p>\n<p>Isso levou a que Seguro o acusasse de estigmatizar os imigrantes, tal como no in\u00edcio do debate Ventura procurara conot\u00e1-lo com a governa\u00e7\u00e3o socialista, com o antigo secret\u00e1rio-geral do PS, afastado da pol\u00edtica ativa com a ascen\u00e7\u00e3o de Ant\u00f3nio Costa, a oferecer-se para lhe dar o n\u00famero de telem\u00f3vel de Jos\u00e9 Lu\u00eds Carneiro.<\/p>\n","protected":false},"excerpt":{"rendered":"O primeiro dos 28 debates televisivos entre os oito principais candidatos \u00e0 Presid\u00eancia da Rep\u00fablica mostrou as claras&hellip;\n","protected":false},"author":2,"featured_media":155856,"comment_status":"","ping_status":"","sticky":false,"template":"","format":"standard","meta":{"footnotes":""},"categories":[8],"tags":[3386,3399,27,28,5662,15,16,14,25,26,21,22,12,13,19,20,32,14937,1076,23,24,33,17,18,29,30,31],"class_list":{"0":"post-155855","1":"post","2":"type-post","3":"status-publish","4":"format-standard","5":"has-post-thumbnail","7":"category-principais-noticias","8":"tag-andre-ventura","9":"tag-antonio-jose-seguro","10":"tag-breaking-news","11":"tag-breakingnews","12":"tag-debates","13":"tag-featured-news","14":"tag-featurednews","15":"tag-headlines","16":"tag-latest-news","17":"tag-latestnews","18":"tag-main-news","19":"tag-mainnews","20":"tag-news","21":"tag-noticias","22":"tag-noticias-principais","23":"tag-noticiasprincipais","24":"tag-portugal","25":"tag-presidencia-da-republica","26":"tag-presidenciais-2026","27":"tag-principais-noticias","28":"tag-principaisnoticias","29":"tag-pt","30":"tag-top-stories","31":"tag-topstories","32":"tag-ultimas","33":"tag-ultimas-noticias","34":"tag-ultimasnoticias"},"share_on_mastodon":{"url":"https:\/\/pubeurope.com\/@pt\/115567783201132359","error":""},"_links":{"self":[{"href":"https:\/\/www.europesays.com\/pt\/wp-json\/wp\/v2\/posts\/155855","targetHints":{"allow":["GET"]}}],"collection":[{"href":"https:\/\/www.europesays.com\/pt\/wp-json\/wp\/v2\/posts"}],"about":[{"href":"https:\/\/www.europesays.com\/pt\/wp-json\/wp\/v2\/types\/post"}],"author":[{"embeddable":true,"href":"https:\/\/www.europesays.com\/pt\/wp-json\/wp\/v2\/users\/2"}],"replies":[{"embeddable":true,"href":"https:\/\/www.europesays.com\/pt\/wp-json\/wp\/v2\/comments?post=155855"}],"version-history":[{"count":0,"href":"https:\/\/www.europesays.com\/pt\/wp-json\/wp\/v2\/posts\/155855\/revisions"}],"wp:featuredmedia":[{"embeddable":true,"href":"https:\/\/www.europesays.com\/pt\/wp-json\/wp\/v2\/media\/155856"}],"wp:attachment":[{"href":"https:\/\/www.europesays.com\/pt\/wp-json\/wp\/v2\/media?parent=155855"}],"wp:term":[{"taxonomy":"category","embeddable":true,"href":"https:\/\/www.europesays.com\/pt\/wp-json\/wp\/v2\/categories?post=155855"},{"taxonomy":"post_tag","embeddable":true,"href":"https:\/\/www.europesays.com\/pt\/wp-json\/wp\/v2\/tags?post=155855"}],"curies":[{"name":"wp","href":"https:\/\/api.w.org\/{rel}","templated":true}]}}