{"id":155861,"date":"2025-11-18T00:09:14","date_gmt":"2025-11-18T00:09:14","guid":{"rendered":"https:\/\/www.europesays.com\/pt\/155861\/"},"modified":"2025-11-18T00:09:14","modified_gmt":"2025-11-18T00:09:14","slug":"na-tvi-mae-de-ines-desmonta-teorias-e-cala-mas-linguas","status":"publish","type":"post","link":"https:\/\/www.europesays.com\/pt\/155861\/","title":{"rendered":"NA TVI! M\u00e3e de In\u00eas desmonta teorias e cala m\u00e1s l\u00ednguas"},"content":{"rendered":"<p>  <img width=\"780\" height=\"470\" src=\"https:\/\/www.europesays.com\/pt\/wp-content\/uploads\/2025\/11\/ines--780x470.jpg\" alt=\"Pedro Jorge continua a arrasar e est\u00e1 salvo da expuls\u00e3o do Secret Story\" data-main-img=\"1\" decoding=\"async\" fetchpriority=\"high\"\/>   Pedro Jorge continua a arrasar e est\u00e1 salvo da expuls\u00e3o do Secret StoryO romance de In\u00eas dentro da <a href=\"https:\/\/dioguinho.com\/category\/casa-dos-segredos\/\" rel=\"nofollow noopener\" target=\"_blank\">Casa dos Segredos<\/a> tem dado que falar, mas ningu\u00e9m melhor do que a m\u00e3e da concorrente para revelar como a fam\u00edlia est\u00e1 a viver este momento.<\/p>\n<p>Em declara\u00e7\u00f5es exclusivas \u00e0 TVI, a m\u00e3e de In\u00eas mostra serenidade, carinho e uma confian\u00e7a absoluta no car\u00e1cter da filha, abrindo o cora\u00e7\u00e3o sobre tudo o que tem visto.<\/p>\n<p>A m\u00e3e de In\u00eas admite que est\u00e1 a acompanhar cada detalhe do programa, <strong>\u201cN\u00e3o fa\u00e7o a m\u00ednima ideia se \u00e9 amor ou jogo. Se for amor, \u00e9 lindo. Estou a gostar muito de ver. Quando eles estiverem c\u00e1 fora \u00e9 que eu irei dizer se aprovo ou n\u00e3o. E se vai continuar ou n\u00e3o. Se continuarem c\u00e1 fora bem e gostarem um do outro, eu apoio. Apoio tudo na minha filha, a minha fam\u00edlia, toda a gente.\u201d<\/strong><\/p>\n<p><strong>Leia tamb\u00e9m: <a class=\"post-title the-subtitle\" href=\"https:\/\/dioguinho.com\/casa-dos-segredos-ja-nem-o-sandro-da-nada-pelo-namoro-de-liliana-e-fabio\/\" rel=\"nofollow noopener\" target=\"_blank\">Casa dos Segredos: J\u00e1 nem o Sandro d\u00e1 nada pelo namoro de Liliana e F\u00e1bio<\/a><\/strong><\/p>\n<p>Com uma postura compreensiva, mostra n\u00e3o guardar ressentimentos sobre o relacionamento que a filha deixou fora do programa. Segundo conta, tudo aconteceu de forma muito natural. <strong>\u201cAcerca do namoro que deixou c\u00e1 fora, \u00e9 um relacionamento com pouco tempo. Portanto, se ela resolveu assim, eu respeito. E respeito a pessoa que est\u00e1 c\u00e1 fora tamb\u00e9m, portanto, a que ficou c\u00e1 fora.\u201d<\/strong><\/p>\n<p>Questionada sobre as cr\u00edticas que surgiram nas redes sociais, a m\u00e3e de In\u00eas mant\u00e9m-se firme e afetuosa. Destaca que conhece profundamente a filha e que nunca a viu agir por interesse.<strong> \u201cA In\u00eas n\u00e3o \u00e9 interesseira nesse aspeto de ter dinheiro ou n\u00e3o ter dinheiro. Tanto que eu acho que ela nem sabia que ele tinha dinheiro. Mas a pessoa que eu conhe\u00e7o n\u00e3o \u00e9 interesseira. Agora, as m\u00e1s l\u00ednguas digam o que disserem. N\u00e3o me atinge como as pessoas querem que me atinjam.\u201d<\/strong><\/p>\n","protected":false},"excerpt":{"rendered":"Pedro Jorge continua a arrasar e est\u00e1 salvo da expuls\u00e3o do Secret StoryO romance de In\u00eas dentro da&hellip;\n","protected":false},"author":2,"featured_media":155862,"comment_status":"","ping_status":"","sticky":false,"template":"","format":"standard","meta":{"footnotes":""},"categories":[142],"tags":[2632,114,115,26469,33491,33492,32,33,1014,33493,151,162],"class_list":{"0":"post-155861","1":"post","2":"type-post","3":"status-publish","4":"format-standard","5":"has-post-thumbnail","7":"category-tv","8":"tag-casa-dos-segredos","9":"tag-entertainment","10":"tag-entretenimento","11":"tag-inu00eas","12":"tag-mu00e3e-de-inu00eas","13":"tag-polu00e9mica-redes-sociais","14":"tag-portugal","15":"tag-pt","16":"tag-reality-show","17":"tag-romance-inu00eas","18":"tag-tv","19":"tag-tvi"},"share_on_mastodon":{"url":"https:\/\/pubeurope.com\/@pt\/115567798928193087","error":""},"_links":{"self":[{"href":"https:\/\/www.europesays.com\/pt\/wp-json\/wp\/v2\/posts\/155861","targetHints":{"allow":["GET"]}}],"collection":[{"href":"https:\/\/www.europesays.com\/pt\/wp-json\/wp\/v2\/posts"}],"about":[{"href":"https:\/\/www.europesays.com\/pt\/wp-json\/wp\/v2\/types\/post"}],"author":[{"embeddable":true,"href":"https:\/\/www.europesays.com\/pt\/wp-json\/wp\/v2\/users\/2"}],"replies":[{"embeddable":true,"href":"https:\/\/www.europesays.com\/pt\/wp-json\/wp\/v2\/comments?post=155861"}],"version-history":[{"count":0,"href":"https:\/\/www.europesays.com\/pt\/wp-json\/wp\/v2\/posts\/155861\/revisions"}],"wp:featuredmedia":[{"embeddable":true,"href":"https:\/\/www.europesays.com\/pt\/wp-json\/wp\/v2\/media\/155862"}],"wp:attachment":[{"href":"https:\/\/www.europesays.com\/pt\/wp-json\/wp\/v2\/media?parent=155861"}],"wp:term":[{"taxonomy":"category","embeddable":true,"href":"https:\/\/www.europesays.com\/pt\/wp-json\/wp\/v2\/categories?post=155861"},{"taxonomy":"post_tag","embeddable":true,"href":"https:\/\/www.europesays.com\/pt\/wp-json\/wp\/v2\/tags?post=155861"}],"curies":[{"name":"wp","href":"https:\/\/api.w.org\/{rel}","templated":true}]}}