{"id":155863,"date":"2025-11-18T00:11:11","date_gmt":"2025-11-18T00:11:11","guid":{"rendered":"https:\/\/www.europesays.com\/pt\/155863\/"},"modified":"2025-11-18T00:11:11","modified_gmt":"2025-11-18T00:11:11","slug":"superman-o-homem-do-amanha-tera-senhor-destino-diz-pierce-brosnan-omelete","status":"publish","type":"post","link":"https:\/\/www.europesays.com\/pt\/155863\/","title":{"rendered":"Superman: O Homem do Amanh\u00e3 ter\u00e1 Senhor Destino, diz Pierce Brosnan &#8211; Omelete"},"content":{"rendered":"<ol>\n<li><a href=\"https:\/\/news.google.com\/rss\/articles\/CBMijwFBVV95cUxORHc0VzM5enNwSndhVTRESmRYQ2hEMzBCWndOczFMc2pOS1h5aWczR09RUTRjc1ZSSjFZWVRMVFFEcjd0X3JHUjB3dDBNUDkyUWUwMFliZTN6MUJ0blFpeUJmNnZtUThuSWgxTGRxMFo5T1hEUHM2RUp4a1VuaWNUQkNsVkROeHl6eFhGQ3ducw?oc=5\" target=\"_blank\" rel=\"nofollow noopener\">Superman: O Homem do Amanh\u00e3 ter\u00e1 Senhor Destino, diz Pierce Brosnan<\/a>&nbsp;&nbsp;Omelete<\/li>\n<li><a href=\"https:\/\/news.google.com\/rss\/articles\/CBMingFBVV95cUxPNkNDbC1wODJ0UGFnOU90cGRrMG9JVWZRZVNwZ1BXQWkwdTFwdG1EX1RGWm14NXZOSU1Pd0s1c3VGdGNCMDVNUU5ib3JFWi1walBfbUxHNGk0SjFiR3VweEZkclZyMVhMdDFLcjZ1SWNOcldMWUd6WHNqNFdFUmVmTkhwX0dkcXFVVm1Zb21RNF9hWTNCQXJPUEdjZndMUQ?oc=5\" target=\"_blank\" rel=\"nofollow noopener\">Brainiac no cinema: quem \u00e9 o ator ideal para enfrentar o Superman?<\/a>&nbsp;&nbsp;UOL<\/li>\n<li><a href=\"https:\/\/news.google.com\/rss\/articles\/CBMimAFBVV95cUxObFhDWXVTakRqdGtDdTJMMHg3dnlsMkJVWGtvY013c2djVUlqOWItVGNUMGVLNndsVXRzNjhTb3RwVEt4OFgwbGQ5OG5ueFZDNlFtQnQ1NzdLbWQ2cllfOHpuYmExNmlKeVRrcUl2U2F6WXVYOTZTeDZhZVZrYVNJMU1JNTVLQmVTSE1jYXBhVFpPVlltSnBnQtIBngFBVV95cUxOa1d4aU94OWlGc1FDRU1ITVZudXhsYmpwMVV6V09PU2kzTXhhYlpXWWV0UHpSdUdKSWw1SkZfOE02V1Jjc3g3dzFRNU04MjlSMlFxTGRpd1ZjZVVJQ3gwd0RJc3NGTTNrWDhQTmFSLVB3WkhrSDlsUERhT2lJdTNUYzRFX2RZdmR3dWJFeU1HTFJiM1hrN0oxZlpQNVpUZw?oc=5\" target=\"_blank\" rel=\"nofollow noopener\">James Gunn desconversa rumores sobre Senhor Destino em Homem do Amanh\u00e3<\/a>&nbsp;&nbsp;O V\u00edcio<\/li>\n<li><a href=\"https:\/\/news.google.com\/rss\/articles\/CBMiugFBVV95cUxQYVJOR0QwNE9vR3BZc212YUY3WDRtNTFRLTExMExDS3N5VlZWY3JVVlhVVUVJQURaajFKNzRvWmJlZXdBeFBVN2otUm9vYlZrbUdRMEJkTTJROTdaU2FGVy1aRGZiWVFTalVBelVDVXY0Y3p4bkh6RnRIdEw2SWJUcERwSFpXeWdrUGtkRW4zUzB2U1lUbDFNZ04weDFkTlk2cDE1dVNnc1ZuM0ZnRGlRZUdFdjlFQXE5WlE?oc=5\" target=\"_blank\" rel=\"nofollow noopener\">O mega vil\u00e3o que vai unir Superman e Lex Luthor na sequ\u00eancia de James Gunn<\/a>&nbsp;&nbsp;VEJA<\/li>\n<li><a href=\"https:\/\/news.google.com\/rss\/articles\/CBMirwFBVV95cUxPd1YxeFZmanFWN251VDhYQ2lHNGVJRnRRNllvM0JVQ3Vvcm9RYkVyLVFoOTl4M2pKM1NjYUtCRUtfMU1jUGhBSWpmMVhtY2kwUWxaMzZ4SEJMeU5VVUd1MGlrWkVUUDE0Um4xZldTXzJRQ2dYWkZIMHNibTc4enhsN0ttUl9ZQXVEaExjLV91b0VDQjc2RGpCSEFQbkxLMnBwYU8wcUkyVGVWUEJDdEZr?oc=5\" target=\"_blank\" rel=\"nofollow noopener\">Pierce Brosnan expressa desejo de regressar ao DCU como Doctor Fate<\/a>&nbsp;&nbsp;IGN Portugal<\/li>\n<\/ol>\n","protected":false},"excerpt":{"rendered":"Superman: O Homem do Amanh\u00e3 ter\u00e1 Senhor Destino, diz Pierce Brosnan&nbsp;&nbsp;Omelete Brainiac no cinema: quem \u00e9 o ator&hellip;\n","protected":false},"author":2,"featured_media":144952,"comment_status":"","ping_status":"","sticky":false,"template":"","format":"standard","meta":{"footnotes":""},"categories":[140],"tags":[114,115,147,148,146,32,33],"class_list":{"0":"post-155863","1":"post","2":"type-post","3":"status-publish","4":"format-standard","5":"has-post-thumbnail","7":"category-filmes","8":"tag-entertainment","9":"tag-entretenimento","10":"tag-film","11":"tag-filmes","12":"tag-movies","13":"tag-portugal","14":"tag-pt"},"share_on_mastodon":{"url":"https:\/\/pubeurope.com\/@pt\/115567806885063273","error":""},"_links":{"self":[{"href":"https:\/\/www.europesays.com\/pt\/wp-json\/wp\/v2\/posts\/155863","targetHints":{"allow":["GET"]}}],"collection":[{"href":"https:\/\/www.europesays.com\/pt\/wp-json\/wp\/v2\/posts"}],"about":[{"href":"https:\/\/www.europesays.com\/pt\/wp-json\/wp\/v2\/types\/post"}],"author":[{"embeddable":true,"href":"https:\/\/www.europesays.com\/pt\/wp-json\/wp\/v2\/users\/2"}],"replies":[{"embeddable":true,"href":"https:\/\/www.europesays.com\/pt\/wp-json\/wp\/v2\/comments?post=155863"}],"version-history":[{"count":0,"href":"https:\/\/www.europesays.com\/pt\/wp-json\/wp\/v2\/posts\/155863\/revisions"}],"wp:featuredmedia":[{"embeddable":true,"href":"https:\/\/www.europesays.com\/pt\/wp-json\/wp\/v2\/media\/144952"}],"wp:attachment":[{"href":"https:\/\/www.europesays.com\/pt\/wp-json\/wp\/v2\/media?parent=155863"}],"wp:term":[{"taxonomy":"category","embeddable":true,"href":"https:\/\/www.europesays.com\/pt\/wp-json\/wp\/v2\/categories?post=155863"},{"taxonomy":"post_tag","embeddable":true,"href":"https:\/\/www.europesays.com\/pt\/wp-json\/wp\/v2\/tags?post=155863"}],"curies":[{"name":"wp","href":"https:\/\/api.w.org\/{rel}","templated":true}]}}