{"id":155868,"date":"2025-11-18T00:15:08","date_gmt":"2025-11-18T00:15:08","guid":{"rendered":"https:\/\/www.europesays.com\/pt\/155868\/"},"modified":"2025-11-18T00:15:08","modified_gmt":"2025-11-18T00:15:08","slug":"apple-lanca-alca-de-tecido-por-r-1-200-para-iphone-17-11-2025-tec","status":"publish","type":"post","link":"https:\/\/www.europesays.com\/pt\/155868\/","title":{"rendered":"Apple lan\u00e7a al\u00e7a de tecido por R$ 1.200 para iPhone &#8211; 17\/11\/2025 &#8211; Tec"},"content":{"rendered":"<p>D\u00e9cadas depois de <a href=\"https:\/\/www1.folha.uol.com.br\/mercado\/2021\/10\/conheca-os-feitos-de-steve-jobs-em-livros-filmes-e-discursos.shtml\" rel=\"nofollow noopener\" target=\"\">Steve Jobs<\/a> adotar o ic\u00f4nico su\u00e9ter preto criado pelo <a href=\"https:\/\/www1.folha.uol.com.br\/ilustrada\/2022\/08\/morre-issey-miyake-estilista-japones-que-uniu-oriente-ao-ocidente-aos-84-anos.shtml\" rel=\"nofollow noopener\" target=\"\">estilista japon\u00eas Issey Miyake<\/a>, a <a href=\"https:\/\/www1.folha.uol.com.br\/folha-topicos\/apple\/\" rel=\"nofollow noopener\" target=\"_blank\">Apple<\/a> decidiu formalizar uma parceria in\u00e9dita com a grife.<\/p>\n<p>As marcas lan\u00e7aram na sexta-feira (14) o <a href=\"https:\/\/www1.folha.uol.com.br\/folha-topicos\/iphone\/\" rel=\"nofollow noopener\" target=\"_blank\">iPhone<\/a> Pocket, uma bolsa transversal de tecido plissado pensada para transportar o celular ou outros itens pequenos. Dispon\u00edvel em pa\u00edses selecionados, mas n\u00e3o no Brasil, o produto custa US$ 149,95 (cerca de R$ 800, sem considerar impostos) na vers\u00e3o de al\u00e7a curta e US$ 229,95 (R$ 1.225) na vers\u00e3o com al\u00e7a longa.<\/p>\n<p>O acess\u00f3rio foi criado no <a href=\"https:\/\/www1.folha.uol.com.br\/folha-topicos\/japao\/\" rel=\"nofollow noopener\" target=\"_blank\">Jap\u00e3o<\/a> em parceria com o Apple Design Studio e \u00e9 inspirado no conceito de &#8220;um \u00fanico tecido&#8221; por tr\u00e1s das pe\u00e7as da marca.<\/p>\n<p>A colabora\u00e7\u00e3o resgata um elo hist\u00f3rico com Jobs, cofundador da Apple morto em 2011. Em 1981, ele conheceu Miyake e, segundo sua biografia escrita por Walter Isaacson, se encantou com o design funcional da marca de roupas a ponto de tentar implementar uniformes para toda a equipe da Apple.<\/p>\n<p><a href=\"https:\/\/www1.folha.uol.com.br\/tec\/989255-jobs-foi-vaiado-ao-sugerir-que-funcionarios-usassem-uniforme.shtml\" rel=\"nofollow noopener\" target=\"\">A ideia naufragou<\/a>, mas a amizade continuou, e Miyake criou o su\u00e9ter de gola alta que Jobs vestiu por anos em eventos da empresa. Esta \u00e9 a primeira vez, contudo, que as duas marcas lan\u00e7am uma colabora\u00e7\u00e3o.<\/p>\n<p>Al\u00e9m de refor\u00e7ar a tend\u00eancia das al\u00e7as para celulares, o lan\u00e7amento tamb\u00e9m ocorre em meio \u00e0 presen\u00e7a cada vez mais forte de parcerias entre vestu\u00e1rio e produtos de <a href=\"https:\/\/www1.folha.uol.com.br\/folha-topicos\/tecnologia\/\" rel=\"nofollow noopener\" target=\"_blank\">tecnologia<\/a>.<\/p>\n<p>A Meta, por exemplo, produz seus \u00f3culos inteligentes em parceria <a href=\"https:\/\/www1.folha.uol.com.br\/tec\/2025\/10\/meta-e-oakley-comecam-a-vender-oculos-inteligentes-no-brasil-por-r-3459.shtml\" rel=\"nofollow noopener\" target=\"\">com a Oakley e a Ray-Ban<\/a>, da EssilorLuxottica; a Motorola tem modelos de celulares e fones de ouvido decorados com cristais Swarovski; e a pr\u00f3pria Apple vende pulseiras da Nike e da Herm\u00e8s para o Apple Watch.<\/p>\n<p>A recep\u00e7\u00e3o do iPhone Pocket, no entanto, foi inicialmente mista nas redes sociais, negativa pelo pre\u00e7o, considerado alto at\u00e9 para padr\u00f5es americanos, e positiva pela parceria in\u00e9dita com uma marca admirada no mundo da moda.<\/p>\n<p>Em setembro, <a href=\"https:\/\/www1.folha.uol.com.br\/tec\/2025\/09\/apple-anuncia-iphone-17-com-versao-mais-fina-acompanhe.shtml\" rel=\"nofollow noopener\" target=\"\">o lan\u00e7amento do iPhone 17<\/a> tamb\u00e9m foi acompanhado pela estreia de uma al\u00e7a transversal padr\u00e3o que se acopla a uma capa de prote\u00e7\u00e3o. Dispon\u00edvel no Brasil, o produto custa R$ 719 ou US$ 60 nos EUA.<\/p>\n<p>Por aqui, h\u00e1 alternativas mais acess\u00edveis para acess\u00f3rios do tipo, que v\u00eam se popularizando. Na Amazon, por exemplo, \u00e9 poss\u00edvel encontrar produtos semelhantes por menos de R$ 50. A Ovvi, marca de acess\u00f3rios da Vivo, oferece uma op\u00e7\u00e3o por R$ 199.<\/p>\n<p>O iPhone Pocket, em parceria com a grife, \u00e9 feito de um tecido el\u00e1stico, com textura rugosa inspirado na linha Pleats Please. Ele pode ser usado na m\u00e3o, preso a uma bolsa ou no corpo, como uma esp\u00e9cie de pochete.<\/p>\n<p>A Apple diz que a paleta de cores foi desenvolvida para combinar com qualquer modelo de iPhone. O produto ser\u00e1 vendido na Fran\u00e7a, China, It\u00e1lia, Reino Unido, Estados Unidos, Jap\u00e3o, Singapura e Coreia do Sul.<\/p>\n","protected":false},"excerpt":{"rendered":"D\u00e9cadas depois de Steve Jobs adotar o ic\u00f4nico su\u00e9ter preto criado pelo estilista japon\u00eas Issey Miyake, a Apple&hellip;\n","protected":false},"author":2,"featured_media":155869,"comment_status":"","ping_status":"","sticky":false,"template":"","format":"standard","meta":{"footnotes":""},"categories":[84],"tags":[247,33500,31662,10395,367,109,107,108,236,250,249,461,8759,26468,26595,1079,32,33,105,103,104,2195,106,110],"class_list":{"0":"post-155868","1":"post","2":"type-post","3":"status-publish","4":"format-standard","5":"has-post-thumbnail","7":"category-ciencia-e-tecnologia","8":"tag-apple","9":"tag-apple-music","10":"tag-apple-store","11":"tag-apple-watch","12":"tag-asia","13":"tag-ciencia","14":"tag-ciencia-e-tecnologia","15":"tag-cienciaetecnologia","16":"tag-folha","17":"tag-ipad","18":"tag-iphone","19":"tag-japao","20":"tag-luxo","21":"tag-macbook","22":"tag-macbook-pro","23":"tag-moda","24":"tag-portugal","25":"tag-pt","26":"tag-science","27":"tag-science-and-technology","28":"tag-scienceandtechnology","29":"tag-steve-jobs","30":"tag-technology","31":"tag-tecnologia"},"share_on_mastodon":{"url":"https:\/\/pubeurope.com\/@pt\/115567822307504188","error":""},"_links":{"self":[{"href":"https:\/\/www.europesays.com\/pt\/wp-json\/wp\/v2\/posts\/155868","targetHints":{"allow":["GET"]}}],"collection":[{"href":"https:\/\/www.europesays.com\/pt\/wp-json\/wp\/v2\/posts"}],"about":[{"href":"https:\/\/www.europesays.com\/pt\/wp-json\/wp\/v2\/types\/post"}],"author":[{"embeddable":true,"href":"https:\/\/www.europesays.com\/pt\/wp-json\/wp\/v2\/users\/2"}],"replies":[{"embeddable":true,"href":"https:\/\/www.europesays.com\/pt\/wp-json\/wp\/v2\/comments?post=155868"}],"version-history":[{"count":0,"href":"https:\/\/www.europesays.com\/pt\/wp-json\/wp\/v2\/posts\/155868\/revisions"}],"wp:featuredmedia":[{"embeddable":true,"href":"https:\/\/www.europesays.com\/pt\/wp-json\/wp\/v2\/media\/155869"}],"wp:attachment":[{"href":"https:\/\/www.europesays.com\/pt\/wp-json\/wp\/v2\/media?parent=155868"}],"wp:term":[{"taxonomy":"category","embeddable":true,"href":"https:\/\/www.europesays.com\/pt\/wp-json\/wp\/v2\/categories?post=155868"},{"taxonomy":"post_tag","embeddable":true,"href":"https:\/\/www.europesays.com\/pt\/wp-json\/wp\/v2\/tags?post=155868"}],"curies":[{"name":"wp","href":"https:\/\/api.w.org\/{rel}","templated":true}]}}