{"id":155870,"date":"2025-11-18T00:17:07","date_gmt":"2025-11-18T00:17:07","guid":{"rendered":"https:\/\/www.europesays.com\/pt\/155870\/"},"modified":"2025-11-18T00:17:07","modified_gmt":"2025-11-18T00:17:07","slug":"conselho-de-seguranca-da-onu-aprova-forca-internacional-para-gaza","status":"publish","type":"post","link":"https:\/\/www.europesays.com\/pt\/155870\/","title":{"rendered":"Conselho de Seguran\u00e7a da ONU aprova For\u00e7a Internacional para Gaza"},"content":{"rendered":"<p>&#13;<br \/>\nA resolu\u00e7\u00e3o, da autoria dos Estados Unidos, foi aprovada com 13 votos a favor e a absten\u00e7\u00e3o da China e da R\u00fassia.&#13;\n<\/p>\n<p>O Conselho de Seguran\u00e7a da ONU apoiou assim a cria\u00e7\u00e3o de um &#8220;Conselho de Paz&#8221; como uma &#8220;administra\u00e7\u00e3o da governa\u00e7\u00e3o de transi\u00e7\u00e3o&#8221; em Gaza e autoriza esse Conselho de Paz a estabelecer uma For\u00e7a Internacional de Estabiliza\u00e7\u00e3o tempor\u00e1ria no enclave.<\/p>\n<p>O texto autoriza ambas as entidades a vigorarem at\u00e9 31 de dezembro de 2027, &#8220;sujeito a novas delibera\u00e7\u00f5es do Conselho&#8221;.<\/p>\n<p>A proposta visa restaurar a seguran\u00e7a, garantir o acesso humanit\u00e1rio e iniciar um processo sustentado de reconstru\u00e7\u00e3o e reforma institucional para o enclave, ap\u00f3s dois anos de conflito devastador entre Israel e o grupo islamita palestiniano Hamas.<\/p>\n<p>O Conselho de Paz &#8211; que seria liderado pelo Presidente Donald Trump, de acordo com o plano de paz de 20 pontos apresentado por Washington &#8211; serviria como uma administra\u00e7\u00e3o externa sobre o enclave palestiniano, supervisionando a governa\u00e7\u00e3o, a reconstru\u00e7\u00e3o, o desenvolvimento econ\u00f3mico e a distribui\u00e7\u00e3o de ajuda humanit\u00e1ria. <\/p>\n<p>J\u00e1 as responsabilidades da ISF para Gaza incluiriam garantir a seguran\u00e7a das fronteiras de Gaza, proteger civis, facilitar a assist\u00eancia humanit\u00e1ria, apoiar o treino e o destacamento de uma for\u00e7a policial palestiniana reconstitu\u00edda e supervisionar o desarmamento permanente das armas detidas pelo Hamas e outros grupos armados no enclave.<\/p>\n<p>A ISF atuar\u00e1 em conjunto com Israel e Egito para estabilizar a seguran\u00e7a em Gaza por um per\u00edodo inicial de dois anos. <\/p>\n<p>A resolu\u00e7\u00e3o, que passou por v\u00e1rias reformula\u00e7\u00f5es, menciona ainda a possibilidade de um Estado palestiniano, o que gerou contesta\u00e7\u00e3o do lado israelita, que se op\u00f5e totalmente \u00e0 solu\u00e7\u00e3o de dois Estados (Israel e Palestina).<\/p>\n<p>Durante quase duas semanas de negocia\u00e7\u00f5es sobre a resolu\u00e7\u00e3o norte-americana, as na\u00e7\u00f5es \u00e1rabes e os palestinianos pressionaram os Estados Unidos a fortalecerem a linguagem original, considerada fr\u00e1gil, sobre a autodetermina\u00e7\u00e3o palestiniana.<\/p>\n<p>No texto revisto, os Estados Unidos afirmaram que, ap\u00f3s a Autoridade Palestina &#8211; que agora governa partes da Cisjord\u00e2nia &#8211; implementar reformas e ap\u00f3s o avan\u00e7o da reconstru\u00e7\u00e3o da devastada Faixa de Gaza, &#8220;as condi\u00e7\u00f5es poder\u00e3o finalmente estar reunidas para um caminho vi\u00e1vel rumo \u00e0 autodetermina\u00e7\u00e3o e \u00e0 forma\u00e7\u00e3o de um Estado palestiniano&#8221;.<\/p>\n<p>Uma proposta de resolu\u00e7\u00e3o concorrente, apresentada pela R\u00fassia, estava igualmente sob an\u00e1lise formal do Conselho de Seguran\u00e7a da ONU, mas n\u00e3o est\u00e1 claro se a proposta de Moscovo ir\u00e1 a votos em breve.<\/p>\n<p>A vota\u00e7\u00e3o de hoje representou um passo crucial para o fr\u00e1gil cessar-fogo e para os esfor\u00e7os de defini\u00e7\u00e3o do futuro de Gaza ap\u00f3s dois anos de guerra entre Israel e o Hamas.<\/p>\n<p>V\u00e1rios pa\u00edses \u00e1rabes manifestaram interesse em fornecer tropas para uma for\u00e7a internacional em Gaza, mas sinalizaram que a autoriza\u00e7\u00e3o do Conselho de Seguran\u00e7a era essencial para que aceitassem participar, uma vez que configuraria um apoio jur\u00eddico internacional \u00e0 miss\u00e3o.<\/p>\n<p>&#8220;Adotar esta resolu\u00e7\u00e3o hoje provar\u00e1 que as Na\u00e7\u00f5es Unidas podem ainda ser um farol e n\u00e3o apenas um espetador. Os olhos da hist\u00f3ria e da humanidade est\u00e3o sobre n\u00f3s, aqui e agora. Um voto contra esta resolu\u00e7\u00e3o \u00e9 um voto para regressar \u00e0 guerra. O tempo n\u00e3o est\u00e1 a nosso favor. Este n\u00e3o \u00e9 o momento para debates intermin\u00e1veis e manobras jur\u00eddicas. O rel\u00f3gio est\u00e1 a correr como uma bomba-rel\u00f3gio&#8221;, afirmou o embaixador norte-americano na ONU, Mike Waltz, ainda antes da vota\u00e7\u00e3o.<\/p>\n<p>J\u00e1 depois da vota\u00e7\u00e3o ser aprovada, Waltz considerou a resolu\u00e7\u00e3o como &#8220;hist\u00f3rica e construtiva&#8221;.<\/p>\n<p>&#8220;A resolu\u00e7\u00e3o de hoje representa mais um passo significativo para uma Gaza est\u00e1vel e pr\u00f3spera, e para um ambiente que permita a Israel viver em seguran\u00e7a. O Conselho de Paz, que ser\u00e1 liderado pelo Presidente Trump, continua a ser a pedra basilar do nosso esfor\u00e7o&#8221;, celebrou o diplomata norte-americano.<\/p>\n<p>A resolu\u00e7\u00e3o de hoje fornece aos pa\u00edses que contribuem com tropas, argumentou Waltz, a estrutura necess\u00e1ria para avan\u00e7arem com a For\u00e7a Internacional de Estabiliza\u00e7\u00e3o, e \u00e0s institui\u00e7\u00f5es financeiras globais os mecanismos necess\u00e1rios para canalizar investimentos, respetivamente.<\/p>\n<p>&#8220;O hist\u00f3rico plano de 20 pontos do Presidente Trump marcou o in\u00edcio do que ser\u00e1 uma regi\u00e3o forte, est\u00e1vel e pr\u00f3spera, unida na rejei\u00e7\u00e3o do caminho da viol\u00eancia, do \u00f3dio e do terror. Esta resolu\u00e7\u00e3o de hoje \u00e9 apenas o in\u00edcio. (&#8230;) Aproveitaremos a oportunidade de hoje para p\u00f4r fim a d\u00e9cadas de derramamento de sangue e tornar a paz duradoura uma realidade&#8221;, defendeu.&#13;\n            <\/p>\n","protected":false},"excerpt":{"rendered":"&#13; A resolu\u00e7\u00e3o, da autoria dos Estados Unidos, foi aprovada com 13 votos a favor e a absten\u00e7\u00e3o&hellip;\n","protected":false},"author":2,"featured_media":155871,"comment_status":"","ping_status":"","sticky":false,"template":"","format":"standard","meta":{"footnotes":""},"categories":[50],"tags":[27,28,15,16,14,33501,259,25,26,21,22,62,12,13,19,20,23,24,17,18,29,30,31,63,64,65],"class_list":{"0":"post-155870","1":"post","2":"type-post","3":"status-publish","4":"format-standard","5":"has-post-thumbnail","7":"category-mundo","8":"tag-breaking-news","9":"tag-breakingnews","10":"tag-featured-news","11":"tag-featurednews","12":"tag-headlines","13":"tag-isf","14":"tag-israel","15":"tag-latest-news","16":"tag-latestnews","17":"tag-main-news","18":"tag-mainnews","19":"tag-mundo","20":"tag-news","21":"tag-noticias","22":"tag-noticias-principais","23":"tag-noticiasprincipais","24":"tag-principais-noticias","25":"tag-principaisnoticias","26":"tag-top-stories","27":"tag-topstories","28":"tag-ultimas","29":"tag-ultimas-noticias","30":"tag-ultimasnoticias","31":"tag-world","32":"tag-world-news","33":"tag-worldnews"},"share_on_mastodon":{"url":"https:\/\/pubeurope.com\/@pt\/115567830316663585","error":""},"_links":{"self":[{"href":"https:\/\/www.europesays.com\/pt\/wp-json\/wp\/v2\/posts\/155870","targetHints":{"allow":["GET"]}}],"collection":[{"href":"https:\/\/www.europesays.com\/pt\/wp-json\/wp\/v2\/posts"}],"about":[{"href":"https:\/\/www.europesays.com\/pt\/wp-json\/wp\/v2\/types\/post"}],"author":[{"embeddable":true,"href":"https:\/\/www.europesays.com\/pt\/wp-json\/wp\/v2\/users\/2"}],"replies":[{"embeddable":true,"href":"https:\/\/www.europesays.com\/pt\/wp-json\/wp\/v2\/comments?post=155870"}],"version-history":[{"count":0,"href":"https:\/\/www.europesays.com\/pt\/wp-json\/wp\/v2\/posts\/155870\/revisions"}],"wp:featuredmedia":[{"embeddable":true,"href":"https:\/\/www.europesays.com\/pt\/wp-json\/wp\/v2\/media\/155871"}],"wp:attachment":[{"href":"https:\/\/www.europesays.com\/pt\/wp-json\/wp\/v2\/media?parent=155870"}],"wp:term":[{"taxonomy":"category","embeddable":true,"href":"https:\/\/www.europesays.com\/pt\/wp-json\/wp\/v2\/categories?post=155870"},{"taxonomy":"post_tag","embeddable":true,"href":"https:\/\/www.europesays.com\/pt\/wp-json\/wp\/v2\/tags?post=155870"}],"curies":[{"name":"wp","href":"https:\/\/api.w.org\/{rel}","templated":true}]}}