{"id":155874,"date":"2025-11-18T00:21:24","date_gmt":"2025-11-18T00:21:24","guid":{"rendered":"https:\/\/www.europesays.com\/pt\/155874\/"},"modified":"2025-11-18T00:21:24","modified_gmt":"2025-11-18T00:21:24","slug":"wanessa-camargo-e-clicada-com-o-ex-bbb-michel-curtindo-dia-de-praia-no-rio-veja-fotos","status":"publish","type":"post","link":"https:\/\/www.europesays.com\/pt\/155874\/","title":{"rendered":"Wanessa Camargo \u00e9 clicada com o ex-BBB Michel curtindo dia de praia no Rio; veja fotos"},"content":{"rendered":"\n<p class=\" content-text__container \" data-track-category=\"Link no Texto\" data-track-links=\"\"> O momento de descanso acontece em meio a uma fase especialmente intensa da vida pessoal e profissional de Wanessa. A artista se divide entre as grava\u00e7\u00f5es do DVD Metamorfose, que celebra seus 25 anos de carreira, e a rotina em S\u00e3o Paulo com os filhos, <strong>Jos\u00e9 Marcus<\/strong>, de 13 anos, e <strong>Jo\u00e3o Francisco<\/strong>, de 11. Al\u00e9m disso, toda semana ela viaja ao Rio para ensaiar as coreografias do Dan\u00e7a dos Famosos, quadro do Doming\u00e3o com Huck. <\/p>\n","protected":false},"excerpt":{"rendered":"O momento de descanso acontece em meio a uma fase especialmente intensa da vida pessoal e profissional de&hellip;\n","protected":false},"author":2,"featured_media":155875,"comment_status":"","ping_status":"","sticky":false,"template":"","format":"standard","meta":{"footnotes":""},"categories":[145],"tags":[211,210,114,115,32,33,4981],"class_list":{"0":"post-155874","1":"post","2":"type-post","3":"status-publish","4":"format-standard","5":"has-post-thumbnail","7":"category-celebridades","8":"tag-celebridades","9":"tag-celebrities","10":"tag-entertainment","11":"tag-entretenimento","12":"tag-portugal","13":"tag-pt","14":"tag-wanessa-camargo"},"share_on_mastodon":{"url":"https:\/\/pubeurope.com\/@pt\/115567846863320946","error":""},"_links":{"self":[{"href":"https:\/\/www.europesays.com\/pt\/wp-json\/wp\/v2\/posts\/155874","targetHints":{"allow":["GET"]}}],"collection":[{"href":"https:\/\/www.europesays.com\/pt\/wp-json\/wp\/v2\/posts"}],"about":[{"href":"https:\/\/www.europesays.com\/pt\/wp-json\/wp\/v2\/types\/post"}],"author":[{"embeddable":true,"href":"https:\/\/www.europesays.com\/pt\/wp-json\/wp\/v2\/users\/2"}],"replies":[{"embeddable":true,"href":"https:\/\/www.europesays.com\/pt\/wp-json\/wp\/v2\/comments?post=155874"}],"version-history":[{"count":0,"href":"https:\/\/www.europesays.com\/pt\/wp-json\/wp\/v2\/posts\/155874\/revisions"}],"wp:featuredmedia":[{"embeddable":true,"href":"https:\/\/www.europesays.com\/pt\/wp-json\/wp\/v2\/media\/155875"}],"wp:attachment":[{"href":"https:\/\/www.europesays.com\/pt\/wp-json\/wp\/v2\/media?parent=155874"}],"wp:term":[{"taxonomy":"category","embeddable":true,"href":"https:\/\/www.europesays.com\/pt\/wp-json\/wp\/v2\/categories?post=155874"},{"taxonomy":"post_tag","embeddable":true,"href":"https:\/\/www.europesays.com\/pt\/wp-json\/wp\/v2\/tags?post=155874"}],"curies":[{"name":"wp","href":"https:\/\/api.w.org\/{rel}","templated":true}]}}