{"id":155876,"date":"2025-11-18T00:22:16","date_gmt":"2025-11-18T00:22:16","guid":{"rendered":"https:\/\/www.europesays.com\/pt\/155876\/"},"modified":"2025-11-18T00:22:16","modified_gmt":"2025-11-18T00:22:16","slug":"casa-binome-gon-architects","status":"publish","type":"post","link":"https:\/\/www.europesays.com\/pt\/155876\/","title":{"rendered":"Casa Bin\u00f4me \/ gon architects"},"content":{"rendered":"<p><a class=\"js-image-size__link \" href=\"https:\/\/www.archdaily.com.br\/br\/1036030\/casa-binome-gon-architects\/6915b03a20caaa0001ef7b3c-casa-binome-gon-architects-foto\" rel=\"attachment nofollow noopener\" style=\"width: 100%; height: 100%;\" target=\"_blank\"><img decoding=\"async\" alt=\"Casa Bin\u00f4me \/ gon architects - Fotografia de Interiores, Madeira, Ilumina\u00e7\u00e3o, Vidro\" data-nr-picture-id=\"6915b03a20caaa0001ef7b3c\" fetchpriority=\"high\" height=\"480\" itemprop=\"image\" loading=\"eager\" longdesc=\"https:\/\/www.archdaily.com.br\/br\/1036030\/casa-binome-gon-architects\/6915b03a20caaa0001ef7b3c-casa-binome-gon-architects-foto\" src=\"https:\/\/www.europesays.com\/pt\/wp-content\/uploads\/2025\/11\/casa_bin_me_-_9.jpg\" style=\"min-height: var(--featured-height, auto); aspect-ratio: auto 640 \/ 480\" width=\"640\"\/><\/a>\u00a9 imagensubliminal (Roc\u00edo R. Rivas + Miguel de Guzm\u00e1n)<\/p>\n<p class=\"thumbs afd-desktop-e clearfix\"><a class=\"thumbs__link\" data-nr-picture-id=\"6915b04020caaa0001ef7b47\" href=\"https:\/\/www.archdaily.com.br\/br\/1036030\/casa-binome-gon-architects\/6915b04020caaa0001ef7b47-casa-binome-gon-architects-foto\" rel=\"attachment nofollow noopener\" target=\"_blank\"><img loading=\"lazy\" decoding=\"async\" alt=\"Casa Bin\u00f4me \/ gon architects - Fotografia de Interiores, Ilumina\u00e7\u00e3o, Vidro\" class=\"thumbs__img b-lazy\" data-nr-picture-id=\"6915b04020caaa0001ef7b47\" data-pin-nopin=\"true\" src=\"https:\/\/www.europesays.com\/pt\/wp-content\/uploads\/2025\/11\/casa_bin_me_-_12.jpg\" height=\"125\" longdesc=\"https:\/\/www.archdaily.com.br\/br\/1036030\/casa-binome-gon-architects\/6915b04020caaa0001ef7b47-casa-binome-gon-architects-foto\" title=\"\u00a9 imagensubliminal (Roc\u00edo R. Rivas + Miguel de Guzm\u00e1n)\" width=\"125\"\/><\/a><a class=\"thumbs__link\" data-nr-picture-id=\"6915b04020caaa0001ef7b48\" href=\"https:\/\/www.archdaily.com.br\/br\/1036030\/casa-binome-gon-architects\/6915b04020caaa0001ef7b48-casa-binome-gon-architects-foto\" rel=\"attachment nofollow noopener\" target=\"_blank\"><img loading=\"lazy\" decoding=\"async\" alt=\"Casa Bin\u00f4me \/ gon architects - Fotografia de Interiores, Dormit\u00f3rio, Madeira\" class=\"thumbs__img b-lazy\" data-nr-picture-id=\"6915b04020caaa0001ef7b48\" data-pin-nopin=\"true\" src=\"https:\/\/www.europesays.com\/pt\/wp-content\/uploads\/2025\/11\/casa_bin_me_-_13.jpg\" height=\"125\" longdesc=\"https:\/\/www.archdaily.com.br\/br\/1036030\/casa-binome-gon-architects\/6915b04020caaa0001ef7b48-casa-binome-gon-architects-foto\" title=\"\u00a9 imagensubliminal (Roc\u00edo R. Rivas + Miguel de Guzm\u00e1n)\" width=\"125\"\/><\/a><a class=\"thumbs__link\" data-nr-picture-id=\"6915b03c20caaa0001ef7b3f\" href=\"https:\/\/www.archdaily.com.br\/br\/1036030\/casa-binome-gon-architects\/6915b03c20caaa0001ef7b3f-casa-binome-gon-architects-foto\" rel=\"attachment nofollow noopener\" target=\"_blank\"><img loading=\"lazy\" decoding=\"async\" alt=\"Casa Bin\u00f4me \/ gon architects - Fotografia de Interiores, Madeira, Mesa, Sof\u00e1, Prateleira, Ilumina\u00e7\u00e3o, Cadeira\" class=\"thumbs__img b-lazy\" data-nr-picture-id=\"6915b03c20caaa0001ef7b3f\" data-pin-nopin=\"true\" src=\"https:\/\/www.europesays.com\/pt\/wp-content\/uploads\/2025\/11\/casa_bin_me_-_2.jpg\" height=\"125\" longdesc=\"https:\/\/www.archdaily.com.br\/br\/1036030\/casa-binome-gon-architects\/6915b03c20caaa0001ef7b3f-casa-binome-gon-architects-foto\" title=\"\u00a9 imagensubliminal (Roc\u00edo R. Rivas + Miguel de Guzm\u00e1n)\" width=\"125\"\/><\/a><a class=\"thumbs__link\" data-nr-picture-id=\"6915b04020caaa0001ef7b49\" href=\"https:\/\/www.archdaily.com.br\/br\/1036030\/casa-binome-gon-architects\/6915b04020caaa0001ef7b49-casa-binome-gon-architects-foto\" rel=\"attachment nofollow noopener\" target=\"_blank\"><img loading=\"lazy\" decoding=\"async\" alt=\"Casa Bin\u00f4me \/ gon architects - Imagem 5 de 27\" class=\"thumbs__img b-lazy\" data-nr-picture-id=\"6915b04020caaa0001ef7b49\" data-pin-nopin=\"true\" src=\"https:\/\/www.europesays.com\/pt\/wp-content\/uploads\/2025\/11\/casa_bin_me_-_14.jpg\" height=\"125\" longdesc=\"https:\/\/www.archdaily.com.br\/br\/1036030\/casa-binome-gon-architects\/6915b04020caaa0001ef7b49-casa-binome-gon-architects-foto\" title=\"\u00a9 imagensubliminal (Roc\u00edo R. Rivas + Miguel de Guzm\u00e1n)\" width=\"125\"\/><\/a><a class=\"gallery-link afd-desktop-e\" href=\"https:\/\/www.archdaily.com.br\/br\/1036030\/casa-binome-gon-architects\/6915b03a20caaa0001ef7b3c-casa-binome-gon-architects-foto\" rel=\"nofollow noopener\" target=\"_blank\"><img decoding=\"async\" alt=\"Casa Bin\u00f4me \/ gon architects - Mais Imagens\" class=\"thumbs__img b-lazy\" src=\"https:\/\/www.europesays.com\/pt\/wp-content\/uploads\/2025\/11\/casa_bin_me_-_9.jpg\" itemprop=\"image\" bad-src=\"data:image\/gif;base64,R0lGODlhAQABAIAAAAUEBAAAACwAAAAAAQABAAACAkQBADs=\"\/>+ 22<\/a><\/p>\n<p>    Compartilhar<\/p>\n<p>Compartilhar<\/p>\n<ul class=\"afd-share__networks clearfix\">\n<li class=\"afd-share__social\"><a aria-label=\"Facebook\" class=\"afd-share__button\" data-insights-category=\"share\" data-insights-label=\"facebook_sharing_options\" data-insights-value=\"1036030\" data-social=\"facebook\" href=\"https:\/\/www.facebook.com\/sharer\/sharer.php?u=https:\/\/www.archdaily.com.br\/br\/1036030\/casa-binome-gon-architects\" rel=\"nofollow noopener\" target=\"_blank\"><\/a>\n<p>Facebook<\/p>\n<\/li>\n<li class=\"afd-share__social\"><a aria-label=\"Twitter\" class=\"afd-share__button\" data-insights-category=\"share\" data-insights-label=\"twitter_sharing_options\" data-insights-value=\"1036030\" data-social=\"twitter\" href=\"https:\/\/twitter.com\/intent\/tweet?text=Casa%20Bin%C3%B4me%20%2F%20gon%20architects&amp;url=https:\/\/www.archdaily.com.br\/br\/1036030\/casa-binome-gon-architects&amp;via=archdailybr\" rel=\"nofollow noopener\" target=\"_blank\"><\/a>\n<p>Twitter<\/p>\n<\/li>\n<li class=\"afd-share__social\"><a class=\"afd-share__button\" data-insights-category=\"share\" data-insights-label=\"email_sharing_options\" data-insights-value=\"1036030\" data-social=\"email\" href=\"mailto:?subject=Casa Bin\u00f4me \/ gon architects&amp;body=https:\/\/www.archdaily.com.br\/br\/1036030\/casa-binome-gon-architects\"><\/a>\n<p>Mail<\/p>\n<\/li>\n<li class=\"afd-share__social\"><a aria-label=\"Pinterest\" class=\"afd-share__button\" data-insights-category=\"share\" data-insights-label=\"pinterest_sharing_options\" data-insights-value=\"1036030\" data-social=\"pinterest\" href=\"https:\/\/pinterest.com\/pin\/create\/button\/?url=https%3A%2F%2Fwww.archdaily.com.br%2Fbr%2F1036030%2Fcasa-binome-gon-architects&amp;media=https%3A%2F%2Fimages.adsttc.com%2Fmedia%2Fimages%2F6915%2Fb03a%2F20ca%2Faa00%2F01ef%2F7b3c%2Flarge_jpg%2Fcasa_bin_me_-_9.jpg%3F1763029069&amp;description=Casa%20Bin%C3%B4me%20%2F%20gon%20architects\" rel=\"nofollow noopener\" target=\"_blank\"><\/a>\n<p>Pinterest<\/p>\n<\/li>\n<li class=\"afd-share__social\"><a aria-label=\"Whatsapp\" class=\"afd-share__button\" data-action=\"share\/whatsapp\/share\" data-insights-category=\"share\" data-insights-label=\"whatsapp_sharing_options\" data-insights-value=\"1036030\" data-social=\"whatsapp\" href=\"whatsapp:\/\/send?text=Casa+Bin%C3%B4me+%2F+gon+architects+%7C+https%3A%2F%2Fwww.archdaily.com.br%2Fbr%2F1036030%2Fcasa-binome-gon-architects%3Futm_source%3DWhatsapp%26utm_medium%3DIM%26utm_campaign%3Dshare-button\" rel=\"nofollow\"><\/a>\n<p>Whatsapp<\/p>\n<\/li>\n<\/ul>\n<p>Ou<\/p>\n<p>https:\/\/www.archdaily.com.br\/br\/1036030\/casa-binome-gon-architects<br \/>\n<a class=\"js-image-size__link lazy-anchor\" href=\"https:\/\/www.archdaily.com.br\/br\/1036030\/casa-binome-gon-architects\/6915b03c20caaa0001ef7b3f-casa-binome-gon-architects-foto\" rel=\"nofollow noopener\" target=\"_blank\"><img decoding=\"async\" alt=\"Casa Bin\u00f4me \/ gon architects - Fotografia de Interiores, Madeira, Mesa, Sof\u00e1, Prateleira, Ilumina\u00e7\u00e3o, Cadeira\" data-nr-picture-id=\"6915b03c20caaa0001ef7b3f\" height=\"427\" itemprop=\"image\" loading=\"lazy\" longdesc=\"https:\/\/www.archdaily.com.br\/br\/1036030\/casa-binome-gon-architects\/6915b03c20caaa0001ef7b3f-casa-binome-gon-architects-foto\" src=\"https:\/\/www.europesays.com\/pt\/wp-content\/uploads\/2025\/11\/1763425332_931_casa_bin_me_-_2.jpg\" width=\"640\"\/>\u00a9 imagensubliminal (Roc\u00edo R. Rivas + Miguel de Guzm\u00e1n)<\/a><\/p>\n<p>Descri\u00e7\u00e3o enviada pela equipe de projeto. Esta casa \u00e9 o resultado da transforma\u00e7\u00e3o de um duplex de 80 m2 situado em um edif\u00edcio de 1900 no bairro de Conde Duque, em <a href=\"https:\/\/www.archdaily.com.br\/br\/tag\/madri\" rel=\"nofollow noopener\" target=\"_blank\">Madri<\/a>. Seu propriet\u00e1rio, Philippe \u2014 gestor de investimentos e admirador de arte, literatura e arquitetura \u2014 desejava reinventar seu lar sem deixar o bairro onde vivia h\u00e1 anos. O projeto nasce de sua vontade de permanecer no mesmo lugar, mas adequando a habita\u00e7\u00e3o a um modo de vida que alterna o conv\u00edvio social com momentos de introspec\u00e7\u00e3o.<\/p>\n<p><a class=\"js-image-size__link lazy-anchor\" href=\"https:\/\/www.archdaily.com.br\/br\/1036030\/casa-binome-gon-architects\/6915b04020caaa0001ef7b52-casa-binome-gon-architects-foto\" rel=\"nofollow noopener\" target=\"_blank\"><img decoding=\"async\" alt=\"Casa Bin\u00f4me \/ gon architects - Fotografia de Interiores\" data-nr-picture-id=\"6915b04020caaa0001ef7b52\" height=\"427\" itemprop=\"image\" loading=\"lazy\" longdesc=\"https:\/\/www.archdaily.com.br\/br\/1036030\/casa-binome-gon-architects\/6915b04020caaa0001ef7b52-casa-binome-gon-architects-foto\" src=\"https:\/\/www.europesays.com\/pt\/wp-content\/uploads\/2025\/11\/casa_bin_me_-_8.jpg\" width=\"640\"\/>\u00a9 imagensubliminal (Roc\u00edo R. Rivas + Miguel de Guzm\u00e1n)<\/a><\/p>\n<p>O estado original do apartamento apresentava diversos conflitos: uma compartimenta\u00e7\u00e3o excessiva que dificultava a fluidez espacial, banheiros impessoais, uma cozinha desarticulada e uma varanda desvinculada do interior. No entanto, o principal problema era a escada existente, um volume monol\u00edtico de a\u00e7o que obstru\u00eda a passagem de luz natural e gerava espa\u00e7os residuais em uma habita\u00e7\u00e3o de propor\u00e7\u00f5es muito reduzidas.<\/p>\n<p><a class=\"js-image-size__link lazy-anchor\" href=\"https:\/\/www.archdaily.com.br\/br\/1036030\/casa-binome-gon-architects\/6915b04120caaa0001ef7b54-casa-binome-gon-architects-foto\" rel=\"nofollow noopener\" target=\"_blank\"><img decoding=\"async\" alt=\"Casa Bin\u00f4me \/ gon architects - Imagem 26 de 27\" data-nr-picture-id=\"6915b04120caaa0001ef7b54\" height=\"427\" itemprop=\"image\" loading=\"lazy\" longdesc=\"https:\/\/www.archdaily.com.br\/br\/1036030\/casa-binome-gon-architects\/6915b04120caaa0001ef7b54-casa-binome-gon-architects-foto\" src=\"https:\/\/www.europesays.com\/pt\/wp-content\/uploads\/2025\/11\/casa_binome_axo.jpg\" width=\"640\"\/>Axonom\u00e9trica<\/a><\/p>\n<p>A interven\u00e7\u00e3o se articula em torno da reformula\u00e7\u00e3o do papel da escada na arquitetura dom\u00e9stica contempor\u00e2nea. Al\u00e9m de sua fun\u00e7\u00e3o circulat\u00f3ria, a nova escada \u00e9 concebida como um elemento estrutural, funcional e simb\u00f3lico, capaz de integrar usos, conectar espa\u00e7os e transformar a experi\u00eancia de habitar. Ela \u00e9 realocada na parede leste da resid\u00eancia, liberando o andar e permitindo uma organiza\u00e7\u00e3o mais coerente e iluminada. Seu design, formado por degraus flutuantes de a\u00e7o inseridos entre os pilares existentes, a transforma em um h\u00edbrido entre escada, m\u00f3vel e prateleira. Esse gesto redefine a rela\u00e7\u00e3o entre os dois andares e multiplica as possibilidades de uso: banco, prateleira, canto de leitura ou suporte expositivo.<\/p>\n<p><a class=\"js-image-size__link lazy-anchor\" href=\"https:\/\/www.archdaily.com.br\/br\/1036030\/casa-binome-gon-architects\/6915b03f20caaa0001ef7b45-casa-binome-gon-architects-foto\" rel=\"nofollow noopener\" target=\"_blank\"><img decoding=\"async\" alt=\"Casa Bin\u00f4me \/ gon architects - Fotografia de Interiores, Madeira, Ilumina\u00e7\u00e3o, Vidro\" data-nr-picture-id=\"6915b03f20caaa0001ef7b45\" height=\"427\" itemprop=\"image\" loading=\"lazy\" longdesc=\"https:\/\/www.archdaily.com.br\/br\/1036030\/casa-binome-gon-architects\/6915b03f20caaa0001ef7b45-casa-binome-gon-architects-foto\" src=\"https:\/\/www.europesays.com\/pt\/wp-content\/uploads\/2025\/11\/casa_bin_me_-_10.jpg\" width=\"640\"\/>\u00a9 imagensubliminal (Roc\u00edo R. Rivas + Miguel de Guzm\u00e1n)<\/a><a class=\"js-image-size__link lazy-anchor\" href=\"https:\/\/www.archdaily.com.br\/br\/1036030\/casa-binome-gon-architects\/6915b04020caaa0001ef7b48-casa-binome-gon-architects-foto\" rel=\"nofollow noopener\" target=\"_blank\"><img decoding=\"async\" alt=\"Casa Bin\u00f4me \/ gon architects - Fotografia de Interiores, Dormit\u00f3rio, Madeira\" data-nr-picture-id=\"6915b04020caaa0001ef7b48\" height=\"427\" itemprop=\"image\" loading=\"lazy\" longdesc=\"https:\/\/www.archdaily.com.br\/br\/1036030\/casa-binome-gon-architects\/6915b04020caaa0001ef7b48-casa-binome-gon-architects-foto\" src=\"https:\/\/www.europesays.com\/pt\/wp-content\/uploads\/2025\/11\/1763425334_584_casa_bin_me_-_13.jpg\" width=\"640\"\/>\u00a9 imagensubliminal (Roc\u00edo R. Rivas + Miguel de Guzm\u00e1n)<\/a><\/p>\n<p>O uso cont\u00ednuo de cer\u00e2mica, inspirada nas tradicionais tomette francesas, estabelece um sutil di\u00e1logo com a origem de Philippe. Este piso, reinterpretado em um formato contempor\u00e2neo de grande tamanho, se estende tanto no interior quanto na varanda, diluindo os limites entre dentro e fora. A continuidade material refor\u00e7a a ideia de um espa\u00e7o \u00fanico e fluido, onde os dois n\u00edveis s\u00e3o concebidos como uma \u00fanica entidade dom\u00e9stica.<\/p>\n<p><a class=\"js-image-size__link lazy-anchor\" href=\"https:\/\/www.archdaily.com.br\/br\/1036030\/casa-binome-gon-architects\/6915b04120caaa0001ef7b57-casa-binome-gon-architects-foto\" rel=\"nofollow noopener\" target=\"_blank\"><img decoding=\"async\" alt=\"Casa Bin\u00f4me \/ gon architects - Imagem 25 de 27\" data-nr-picture-id=\"6915b04120caaa0001ef7b57\" height=\"427\" itemprop=\"image\" loading=\"lazy\" longdesc=\"https:\/\/www.archdaily.com.br\/br\/1036030\/casa-binome-gon-architects\/6915b04120caaa0001ef7b57-casa-binome-gon-architects-foto\" src=\"https:\/\/www.europesays.com\/pt\/wp-content\/uploads\/2025\/11\/casa_binome_section_2.jpg\" width=\"640\"\/>Corte 02<\/a><a class=\"js-image-size__link lazy-anchor\" href=\"https:\/\/www.archdaily.com.br\/br\/1036030\/casa-binome-gon-architects\/6915b04120caaa0001ef7b55-casa-binome-gon-architects-foto\" rel=\"nofollow noopener\" target=\"_blank\"><img decoding=\"async\" alt=\"Casa Bin\u00f4me \/ gon architects - Imagem 23 de 27\" data-nr-picture-id=\"6915b04120caaa0001ef7b55\" height=\"427\" itemprop=\"image\" loading=\"lazy\" longdesc=\"https:\/\/www.archdaily.com.br\/br\/1036030\/casa-binome-gon-architects\/6915b04120caaa0001ef7b55-casa-binome-gon-architects-foto\" src=\"https:\/\/www.europesays.com\/pt\/wp-content\/uploads\/2025\/11\/casa_binome_floorplans.jpg\" width=\"640\"\/>Plantas<\/a><a class=\"js-image-size__link lazy-anchor\" href=\"https:\/\/www.archdaily.com.br\/br\/1036030\/casa-binome-gon-architects\/6915b04120caaa0001ef7b56-casa-binome-gon-architects-foto\" rel=\"nofollow noopener\" target=\"_blank\"><img decoding=\"async\" alt=\"Casa Bin\u00f4me \/ gon architects - Imagem 24 de 27\" data-nr-picture-id=\"6915b04120caaa0001ef7b56\" height=\"427\" itemprop=\"image\" loading=\"lazy\" longdesc=\"https:\/\/www.archdaily.com.br\/br\/1036030\/casa-binome-gon-architects\/6915b04120caaa0001ef7b56-casa-binome-gon-architects-foto\" src=\"https:\/\/www.europesays.com\/pt\/wp-content\/uploads\/2025\/11\/casa_binome_section_1.jpg\" width=\"640\"\/>Corte 01<\/a><\/p>\n<p>Al\u00e9m disso, a incorpora\u00e7\u00e3o de superf\u00edcies espelhadas em banheiros e quartos amplifica a luz natural e gera jogos \u00f3pticos que transformam a percep\u00e7\u00e3o do espa\u00e7o, desmaterializando os limites e proporcionando uma sensa\u00e7\u00e3o de leveza.<\/p>\n<p><a class=\"js-image-size__link lazy-anchor\" href=\"https:\/\/www.archdaily.com.br\/br\/1036030\/casa-binome-gon-architects\/6915b03c20caaa0001ef7b40-casa-binome-gon-architects-foto\" rel=\"nofollow noopener\" target=\"_blank\"><img decoding=\"async\" alt=\"Casa Bin\u00f4me \/ gon architects - Fotografia de Interiores, Cozinha, Bancada, Ilumina\u00e7\u00e3o, Prateleira, Vidro\" data-nr-picture-id=\"6915b03c20caaa0001ef7b40\" height=\"427\" itemprop=\"image\" loading=\"lazy\" longdesc=\"https:\/\/www.archdaily.com.br\/br\/1036030\/casa-binome-gon-architects\/6915b03c20caaa0001ef7b40-casa-binome-gon-architects-foto\" src=\"https:\/\/www.europesays.com\/pt\/wp-content\/uploads\/2025\/11\/casa_bin_me_-_3.jpg\" width=\"640\"\/>\u00a9 imagensubliminal (Roc\u00edo R. Rivas + Miguel de Guzm\u00e1n)<\/a><\/p>\n<p>O projeto transforma um obst\u00e1culo funcional no cora\u00e7\u00e3o do projeto. A escada deixa de ser um mero elemento de conex\u00e3o para se tornar o centro cenogr\u00e1fico da vida cotidiana: um lugar habit\u00e1vel que articula a casa, suas luzes, seus percursos e suas pausas.<\/p>\n<p><a class=\"js-image-size__link lazy-anchor\" href=\"https:\/\/www.archdaily.com.br\/br\/1036030\/casa-binome-gon-architects\/6915b04020caaa0001ef7b50-casa-binome-gon-architects-foto\" rel=\"nofollow noopener\" target=\"_blank\"><img decoding=\"async\" alt=\"Casa Bin\u00f4me \/ gon architects - Fotografia de Interiores, Madeira, Prateleira, Ilumina\u00e7\u00e3o, Mesa, Cadeira\" data-nr-picture-id=\"6915b04020caaa0001ef7b50\" height=\"427\" itemprop=\"image\" loading=\"lazy\" longdesc=\"https:\/\/www.archdaily.com.br\/br\/1036030\/casa-binome-gon-architects\/6915b04020caaa0001ef7b50-casa-binome-gon-architects-foto\" src=\"https:\/\/www.europesays.com\/pt\/wp-content\/uploads\/2025\/11\/casa_bin_me_-_21.jpg\" width=\"640\"\/>\u00a9 imagensubliminal (Roc\u00edo R. Rivas + Miguel de Guzm\u00e1n)<\/a><script async src=\"https:\/\/platform.twitter.com\/widgets.js\" charset=\"utf-8\"><\/script><\/p>\n","protected":false},"excerpt":{"rendered":"\u00a9 imagensubliminal (Roc\u00edo R. Rivas + Miguel de Guzm\u00e1n) + 22 Compartilhar Compartilhar Facebook Twitter Mail Pinterest Whatsapp&hellip;\n","protected":false},"author":2,"featured_media":155877,"comment_status":"","ping_status":"","sticky":false,"template":"","format":"standard","meta":{"footnotes":""},"categories":[144],"tags":[304,207,205,206,203,201,202,204,651,114,115,652,26253,32,33],"class_list":{"0":"post-155876","1":"post","2":"type-post","3":"status-publish","4":"format-standard","5":"has-post-thumbnail","7":"category-arte-e-design","8":"tag-arquitetura","9":"tag-arte","10":"tag-arte-e-design","11":"tag-artedesign","12":"tag-arts","13":"tag-arts-and-design","14":"tag-artsanddesign","15":"tag-design","16":"tag-design-de-interiores","17":"tag-entertainment","18":"tag-entretenimento","19":"tag-interiores-residenciais","20":"tag-madri","21":"tag-portugal","22":"tag-pt"},"share_on_mastodon":{"url":"https:\/\/pubeurope.com\/@pt\/115567850394492995","error":""},"_links":{"self":[{"href":"https:\/\/www.europesays.com\/pt\/wp-json\/wp\/v2\/posts\/155876","targetHints":{"allow":["GET"]}}],"collection":[{"href":"https:\/\/www.europesays.com\/pt\/wp-json\/wp\/v2\/posts"}],"about":[{"href":"https:\/\/www.europesays.com\/pt\/wp-json\/wp\/v2\/types\/post"}],"author":[{"embeddable":true,"href":"https:\/\/www.europesays.com\/pt\/wp-json\/wp\/v2\/users\/2"}],"replies":[{"embeddable":true,"href":"https:\/\/www.europesays.com\/pt\/wp-json\/wp\/v2\/comments?post=155876"}],"version-history":[{"count":0,"href":"https:\/\/www.europesays.com\/pt\/wp-json\/wp\/v2\/posts\/155876\/revisions"}],"wp:featuredmedia":[{"embeddable":true,"href":"https:\/\/www.europesays.com\/pt\/wp-json\/wp\/v2\/media\/155877"}],"wp:attachment":[{"href":"https:\/\/www.europesays.com\/pt\/wp-json\/wp\/v2\/media?parent=155876"}],"wp:term":[{"taxonomy":"category","embeddable":true,"href":"https:\/\/www.europesays.com\/pt\/wp-json\/wp\/v2\/categories?post=155876"},{"taxonomy":"post_tag","embeddable":true,"href":"https:\/\/www.europesays.com\/pt\/wp-json\/wp\/v2\/tags?post=155876"}],"curies":[{"name":"wp","href":"https:\/\/api.w.org\/{rel}","templated":true}]}}