{"id":155878,"date":"2025-11-18T00:24:17","date_gmt":"2025-11-18T00:24:17","guid":{"rendered":"https:\/\/www.europesays.com\/pt\/155878\/"},"modified":"2025-11-18T00:24:17","modified_gmt":"2025-11-18T00:24:17","slug":"bronca-fora-de-secret-story-mae-de-pedro-jorge-toma-decisao-radical-e-corta-ligacao-com-marisa","status":"publish","type":"post","link":"https:\/\/www.europesays.com\/pt\/155878\/","title":{"rendered":"Bronca fora de &#8220;Secret Story&#8221;: m\u00e3e de Pedro Jorge toma decis\u00e3o radical&#8230; e corta liga\u00e7\u00e3o com Marisa!"},"content":{"rendered":"<p>H\u00e1 uma nova pol\u00e9mica a envolver Marisa Pires e <a href=\"https:\/\/selfie.iol.pt\/famosos\/casa-dos-segredos-9\/secret-story-imparavel-apos-semana-tensa-amiga-de-pedro-jorge-e-marisa-lanca-apelo\/20251111\/6913942ad34e2bd5c6d3e4fc\" target=\"_blank\" rel=\"nofollow noopener\">Pedro Jorge<\/a>. No entanto, esta est\u00e1 a acontecer fora da nona edi\u00e7\u00e3o de &#8220;Secret Story &#8211; Casa dos Segredos&#8221;.<\/p>\n<p>Nas \u00faltimas 24 horas, come\u00e7ou a circular, nas redes sociais, uma mensagem em que a m\u00e3e do concorrente do reality show da <a href=\"https:\/\/tvi.iol.pt\/\" target=\"_blank\" rel=\"nofollow noopener\">TVI<\/a> anuncia uma atitude dr\u00e1stica: proibir a equipa do casal, criada pela irm\u00e3 de Marisa Pires aquando da entrada de ambos na casa mais vigiada do Pa\u00eds, de agir em nome do filho. Assim sendo, exige Regina Geraldes, a team\u00a0passar\u00e1 apenas a representar a nora, tendo a progenitora de Pedro Jorge reconhecido outro grupo &#8211; somente de apoio ao jovem e n\u00e3o do casal &#8211; como o oficial.<\/p>\n<p>Face \u00e0 repercuss\u00e3o das palavras de Regina Geraldes, esta mesma equipa emitiu um comunicado importante, tamb\u00e9m por interm\u00e9dio do Instagram, a explicar o sucedido: &#8220;Ap\u00f3s a decis\u00e3o da dona Regina, a m\u00e3e do Pedro, de nos reconhecer como team oficial, temos sido alvos de v\u00e1rios ataques por parte de algumas pessoas. \u00c9 importante esclarecer que as decis\u00f5es s\u00e3o tomadas exclusivamente pela m\u00e3e do Pedro e nada temos a ver com elas! Os motivos pertencem apenas a ela e n\u00f3s n\u00e3o temos qualquer interfer\u00eancia nisso.&#8221;<\/p>\n<p>&#8220;Gostamos do Pedro, apoiamos o mesmo desde o primeiro dia e, como tal, aceit\u00e1mos com todo o gosto o convite da dona Regina, comprometendo-nos a fazer sempre o melhor pelo Pedro. Pedimos que n\u00e3o confundam as coisas: n\u00f3s n\u00e3o somos contra a Marisa. Apenas apoiamos o Pedro Jorge enquanto jogador, algo a que temos total direito. O nosso foco, desde o primeiro dia e at\u00e9 ao \u00faltimo, ser\u00e1 exclusivamente o <a href=\"https:\/\/selfie.iol.pt\/famosos\/casa-dos-segredos-9\/secret-story-mae-de-pedro-jorge-quer-ter-conversa-com-marisa-vamos-ter-de-por-pontos-nos-is\/20251111\/69137368d34e3caad84b2c3c\" target=\"_blank\" rel=\"nofollow noopener\">Pedro Jorge<\/a>&#8220;, prossegue aquela que \u00e9, agora, a team\u00a0oficial de Pedro Jorge, a julgar pelo reconhecimento da m\u00e3e deste.<\/p>\n<p>&#8220;Queremos deixar claro que n\u00e3o temos nada contra o casal Pedro e Marisa. A vida pessoal \u00e9 deles e apoiar o Pedro n\u00e3o significa ser contra a Marisa; simplesmente, n\u00e3o nos identificamos e optamos por apoiar apenas o Pedro enquanto jogador individual. Contudo, n\u00e3o desejamos o mal da Marisa no jogo e muito menos na vida dela\/deles&#8221;, alertaram as mesmas pessoas, acrescentando: &#8220;Enfatizamos ainda que a dona Regina, a m\u00e3e do Pedro, n\u00e3o tem qualquer problema com a nora. J\u00e1 foi visto publicamente que ela defende tanto a Marisa como o pr\u00f3prio filho. Por isso, n\u00e3o misturem as coisas.&#8221;<\/p>\n<p>&#8220;Isto n\u00e3o \u00e9 sobre a vida pessoal deles. Desejamos que sejam muito felizes, da forma que decidirem ser. T\u00eam uma fam\u00edlia linda e merecem tudo de melhor. Este \u00e9 um jogo e eles s\u00e3o jogadores individuais. Haver\u00e1 sempre quem prefira o Pedro, quem prefira a Marisa e quem goste deles apenas enquanto casal &#8211; e tudo isso \u00e9 normal&#8221;, sublinhou esta equipa, terminando com um agradecimento a todos.<\/p>\n<p>Veja, agora, v\u00eddeos de Marisa Pires e\u00a0Pedro Jorge em &#8220;<a href=\"https:\/\/tvi.iol.pt\/secretstory\/\" target=\"_blank\" rel=\"nofollow noopener\">Secret Story<\/a> &#8211; Casa dos Segredos&#8221;.<\/p>\n<p style=\"text-align:center\"><img loading=\"lazy\" decoding=\"async\" alt=\"\" height=\"889\" src=\"https:\/\/www.europesays.com\/pt\/wp-content\/uploads\/2025\/11\/691b903dd34e3caad84b64fe.webp\" width=\"500\"\/><\/p>\n<p>\u00a0<\/p>\n","protected":false},"excerpt":{"rendered":"H\u00e1 uma nova pol\u00e9mica a envolver Marisa Pires e Pedro Jorge. No entanto, esta est\u00e1 a acontecer fora&hellip;\n","protected":false},"author":2,"featured_media":155879,"comment_status":"","ping_status":"","sticky":false,"template":"","format":"standard","meta":{"footnotes":""},"categories":[142],"tags":[2632,13471,114,115,980,1015,8204,19184,21766,619,14646,21416,32,33,1014,31228,31658,1315,6985,16687,16686,1012,6986,16688,151,162],"class_list":{"0":"post-155878","1":"post","2":"type-post","3":"status-publish","4":"format-standard","5":"has-post-thumbnail","7":"category-tv","8":"tag-casa-dos-segredos","9":"tag-casa-dos-segredos-9","10":"tag-entertainment","11":"tag-entretenimento","12":"tag-famosos","13":"tag-instagram","14":"tag-mae","15":"tag-marisa","16":"tag-marisa-pires","17":"tag-nacional","18":"tag-pedro","19":"tag-pedro-jorge","20":"tag-portugal","21":"tag-pt","22":"tag-reality-show","23":"tag-regina","24":"tag-regina-geraldes","25":"tag-secret-story","26":"tag-secret-story-casa-dos-segredos","27":"tag-secret-story-casa-dos-segredos-9","28":"tag-secret-story-9","29":"tag-selfie","30":"tag-ss","31":"tag-ss9","32":"tag-tv","33":"tag-tvi"},"share_on_mastodon":{"url":"https:\/\/pubeurope.com\/@pt\/115567857925883150","error":""},"_links":{"self":[{"href":"https:\/\/www.europesays.com\/pt\/wp-json\/wp\/v2\/posts\/155878","targetHints":{"allow":["GET"]}}],"collection":[{"href":"https:\/\/www.europesays.com\/pt\/wp-json\/wp\/v2\/posts"}],"about":[{"href":"https:\/\/www.europesays.com\/pt\/wp-json\/wp\/v2\/types\/post"}],"author":[{"embeddable":true,"href":"https:\/\/www.europesays.com\/pt\/wp-json\/wp\/v2\/users\/2"}],"replies":[{"embeddable":true,"href":"https:\/\/www.europesays.com\/pt\/wp-json\/wp\/v2\/comments?post=155878"}],"version-history":[{"count":0,"href":"https:\/\/www.europesays.com\/pt\/wp-json\/wp\/v2\/posts\/155878\/revisions"}],"wp:featuredmedia":[{"embeddable":true,"href":"https:\/\/www.europesays.com\/pt\/wp-json\/wp\/v2\/media\/155879"}],"wp:attachment":[{"href":"https:\/\/www.europesays.com\/pt\/wp-json\/wp\/v2\/media?parent=155878"}],"wp:term":[{"taxonomy":"category","embeddable":true,"href":"https:\/\/www.europesays.com\/pt\/wp-json\/wp\/v2\/categories?post=155878"},{"taxonomy":"post_tag","embeddable":true,"href":"https:\/\/www.europesays.com\/pt\/wp-json\/wp\/v2\/tags?post=155878"}],"curies":[{"name":"wp","href":"https:\/\/api.w.org\/{rel}","templated":true}]}}