{"id":155888,"date":"2025-11-18T00:33:20","date_gmt":"2025-11-18T00:33:20","guid":{"rendered":"https:\/\/www.europesays.com\/pt\/155888\/"},"modified":"2025-11-18T00:33:20","modified_gmt":"2025-11-18T00:33:20","slug":"europa-deve-preparar-se-para-guerra-com-russia-observador","status":"publish","type":"post","link":"https:\/\/www.europesays.com\/pt\/155888\/","title":{"rendered":"Europa deve preparar-se para guerra com R\u00fassia \u2013 Observador"},"content":{"rendered":"<p>O antigo presidente da Comiss\u00e3o Europeia Dur\u00e3o Barroso defendeu esta segunda-feira a necessidade de a Europa estar preparada para uma prov\u00e1vel guerra contra a R\u00fassia, considerando que a \u00fanica forma de manter a paz \u00e9 estar pronta para o conflito.<\/p>\n<p>\u201cSe a Uni\u00e3o Europeia quer existir como entidade pol\u00edtica, tem tamb\u00e9m de fazer algo pela sua pr\u00f3pria defesa, n\u00e3o numa perspetiva militarista, que n\u00e3o \u00e9 a minha, mas precisamente para garantir a paz\u201d, afirmou, em entrevista \u00e0 Lusa, \u00e0 margem do F\u00f3rum EuroAm\u00e9ricas, que decorre esta segunda-feira em Carcavelos, Cascais.<\/p>\n<p>\u201cMais do que nunca, aplica-se o princ\u00edpio de \u2018se queres a paz, prepara-te para a guerra&#8217;\u201d, defendeu, considerando que neste momento, \u201ca \u00fanica forma de evitarmos uma guerra generalizada na Europa \u00e9 mostrar aos potenciais agressores que estamos preparados e que n\u00e3o ter\u00e3o sucesso\u201d.<\/p>\n<p>Para Dur\u00e3o Barroso, que foi primeiro-ministro entre 2002 e 2024, o investimento em defesa n\u00e3o p\u00f5e em causa o bem-estar social da Europa. \u201cCustar\u00e1 muito mais uma guerra do que o investimento em defesa para evitar essa guerra. Custar\u00e1 muito mais se tivermos uma guerra, n\u00e3o apenas em vidas humanas, que \u00e9 o mais importante, mas tamb\u00e9m at\u00e9 em termos econ\u00f3micos\u201d, sublinhou.<\/p>\n<p>Al\u00e9m disso, ressalvou, investir em defesa \u201cn\u00e3o \u00e9 s\u00f3 investir em tanques e armas, \u00e9 investir em capacidades de defesa que incluem, por exemplo, tecnologia\u201d, setor onde os norte-americanos t\u00eam vantagem sobre a Europa precisamente pelo investimento que fizeram nessa ind\u00fastria. Embora tenha admitido que n\u00e3o gostaria que os seus netos fossem chamados para combater numa guerra, Dur\u00e3o Barroso considera que \u201c\u00e9 muito poss\u00edvel\u201d que Portugal tenha de participar num conflito alargado.<\/p>\n<p>\u201cN\u00f3s aqui, em Portugal, talvez n\u00e3o sintamos isso de maneira t\u00e3o clara, mas eu estive h\u00e1 pouco tempo na Pol\u00f3nia. Eles est\u00e3o a preparar-se ativamente para uma guerra que acham que \u00e9 muito prov\u00e1vel que aconte\u00e7a. E a Pol\u00f3nia \u00e9 um pa\u00eds da Uni\u00e3o Europeia, \u00e9 um pa\u00eds da NATO. Se a Pol\u00f3nia for atacada, Portugal tem o dever, pelos tratados que assinou, de ajudar \u00e0 Pol\u00f3nia\u201d, lembrou. Um cen\u00e1rio que o tamb\u00e9m ex-ministro dos Neg\u00f3cios Estrangeiros acha \u201cmuito poss\u00edvel\u201d.<\/p>\n<p>\u201cTodos os chefes militares dos principais pa\u00edses europeus dizem o mesmo: preparemo-nos porque h\u00e1 uma possibilidade grande de um ataque da R\u00fassia a um pa\u00eds da NATO [Organiza\u00e7\u00e3o do Tratado do Atl\u00e2ntico Norte] e da Uni\u00e3o Europeia\u201d, avan\u00e7ou, sublinhando que o alerta \u00e9 lan\u00e7ado \u201cpor especialistas\u201d. A \u00fanica forma de evitar que o Presidente russo, Vladimir Putin, avance \u00e9, \u201cobviamente, n\u00e3o permitir que ele tenha uma vit\u00f3ria na Ucr\u00e2nia\u201d, concluiu.<\/p>\n","protected":false},"excerpt":{"rendered":"O antigo presidente da Comiss\u00e3o Europeia Dur\u00e3o Barroso defendeu esta segunda-feira a necessidade de a Europa estar preparada&hellip;\n","protected":false},"author":2,"featured_media":155889,"comment_status":"","ping_status":"","sticky":false,"template":"","format":"standard","meta":{"footnotes":""},"categories":[10],"tags":[27,28,33502,445,15,16,1123,14,25,26,21,22,62,12,13,19,20,57,32,23,24,33,58,17,18,1124,29,30,31],"class_list":{"0":"post-155888","1":"post","2":"type-post","3":"status-publish","4":"format-standard","5":"has-post-thumbnail","7":"category-portugal","8":"tag-breaking-news","9":"tag-breakingnews","10":"tag-duru00e3o-barroso","11":"tag-europa","12":"tag-featured-news","13":"tag-featurednews","14":"tag-guerra-na-ucru00e2nia","15":"tag-headlines","16":"tag-latest-news","17":"tag-latestnews","18":"tag-main-news","19":"tag-mainnews","20":"tag-mundo","21":"tag-news","22":"tag-noticias","23":"tag-noticias-principais","24":"tag-noticiasprincipais","25":"tag-pau00eds","26":"tag-portugal","27":"tag-principais-noticias","28":"tag-principaisnoticias","29":"tag-pt","30":"tag-sociedade","31":"tag-top-stories","32":"tag-topstories","33":"tag-ucru00e2nia","34":"tag-ultimas","35":"tag-ultimas-noticias","36":"tag-ultimasnoticias"},"share_on_mastodon":{"url":"https:\/\/pubeurope.com\/@pt\/115567893089444432","error":""},"_links":{"self":[{"href":"https:\/\/www.europesays.com\/pt\/wp-json\/wp\/v2\/posts\/155888","targetHints":{"allow":["GET"]}}],"collection":[{"href":"https:\/\/www.europesays.com\/pt\/wp-json\/wp\/v2\/posts"}],"about":[{"href":"https:\/\/www.europesays.com\/pt\/wp-json\/wp\/v2\/types\/post"}],"author":[{"embeddable":true,"href":"https:\/\/www.europesays.com\/pt\/wp-json\/wp\/v2\/users\/2"}],"replies":[{"embeddable":true,"href":"https:\/\/www.europesays.com\/pt\/wp-json\/wp\/v2\/comments?post=155888"}],"version-history":[{"count":0,"href":"https:\/\/www.europesays.com\/pt\/wp-json\/wp\/v2\/posts\/155888\/revisions"}],"wp:featuredmedia":[{"embeddable":true,"href":"https:\/\/www.europesays.com\/pt\/wp-json\/wp\/v2\/media\/155889"}],"wp:attachment":[{"href":"https:\/\/www.europesays.com\/pt\/wp-json\/wp\/v2\/media?parent=155888"}],"wp:term":[{"taxonomy":"category","embeddable":true,"href":"https:\/\/www.europesays.com\/pt\/wp-json\/wp\/v2\/categories?post=155888"},{"taxonomy":"post_tag","embeddable":true,"href":"https:\/\/www.europesays.com\/pt\/wp-json\/wp\/v2\/tags?post=155888"}],"curies":[{"name":"wp","href":"https:\/\/api.w.org\/{rel}","templated":true}]}}