{"id":155892,"date":"2025-11-18T00:36:11","date_gmt":"2025-11-18T00:36:11","guid":{"rendered":"https:\/\/www.europesays.com\/pt\/155892\/"},"modified":"2025-11-18T00:36:11","modified_gmt":"2025-11-18T00:36:11","slug":"tres-gracas-segredo-da-estatua-vem-a-tona-nos-proximos-capitulos","status":"publish","type":"post","link":"https:\/\/www.europesays.com\/pt\/155892\/","title":{"rendered":"Tr\u00eas Gra\u00e7as: Segredo da est\u00e1tua vem \u00e0 tona nos pr\u00f3ximos cap\u00edtulos"},"content":{"rendered":"<p>Arminda, personagem interpretada por <a href=\"https:\/\/caras.com.br\/tags\/Grazi-Massafera\" rel=\"nofollow noopener\" target=\"_blank\"><strong>Grazi Massafera<\/strong><\/a> em <a href=\"https:\/\/caras.com.br\/tags\/tres-gracas\" rel=\"nofollow noopener\" target=\"_blank\">Tr\u00eas Gra\u00e7as<\/a>, volta a ser destaque nos pr\u00f3ximos cap\u00edtulos da novela. A vil\u00e3, conhecida pela devo\u00e7\u00e3o quase ritual\u00edstica \u00e0 est\u00e1tua que mant\u00e9m escondida em um quarto secreto da mans\u00e3o, ter\u00e1 um de seus maiores mist\u00e9rios exposto na trama.<\/p>\n<p>A obra, que sempre despertou estranhamento entre os moradores da casa e funcion\u00e1rios, \u00e9 tratada por Arminda como propriedade intoc\u00e1vel. O objeto raramente aparece em cena, mas \u00e9 alvo de constante aten\u00e7\u00e3o da personagem, que se fecha sozinha no quarto sempre que deseja admir\u00e1-lo.<\/p>\n<p>A novela mostrar\u00e1 que a est\u00e1tua n\u00e3o est\u00e1 no local por acaso. A pe\u00e7a, de grande porte e muito valiosa, foi transferida para o espa\u00e7o isolado ap\u00f3s a morte de Rog\u00e9rio. Antes disso, ficava exposta na sala principal da casa. O deslocamento aconteceu por decis\u00e3o da pr\u00f3pria Arminda, que passou a trat\u00e1-la como parte de seu acervo pessoal.<\/p>\n<p>O segredo da est\u00e1tua das Tr\u00eas Gra\u00e7as<\/p>\n<p>A partir dos pr\u00f3ximos cap\u00edtulos, a hist\u00f3ria avan\u00e7a ao revelar que a est\u00e1tua serve como esconderijo para grandes quantias de dinheiro desviadas por Arminda e Ferette (<a href=\"https:\/\/caras.com.br\/tags\/Murilo-Benicio\" rel=\"nofollow noopener\" target=\"_blank\"><strong>Murilo Ben\u00edcio<\/strong><\/a>), personagens que operam um esquema de falsifica\u00e7\u00e3o de rem\u00e9dios. O interior da escultura \u00e9 utilizado como cofre secreto pelos dois.<\/p>\n<p>A pe\u00e7a \u00e9 avaliada em US$ 1,5 milh\u00e3o, o equivalente a pouco mais de R$ 8 milh\u00f5es. A informa\u00e7\u00e3o surge ap\u00f3s Josefa (<a href=\"https:\/\/caras.com.br\/tags\/Arlete-Salles\" rel=\"nofollow noopener\" target=\"_blank\"><strong>Arlete Salles<\/strong><\/a>), m\u00e3e de Arminda, confirmar por telefone a autenticidade da escultura e revelar que Rog\u00e9rio a comprou por uma quantia expressiva.<\/p>\n<p>A partir dessa confirma\u00e7\u00e3o, Gerluce (<a href=\"https:\/\/caras.com.br\/tags\/Sophie-Charlotte\" rel=\"nofollow noopener\" target=\"_blank\"><strong>Sophie Charlotte<\/strong><\/a>) pesquisa sobre a pe\u00e7a e encontra dados sobre origem e dimens\u00f5es. Feita em m\u00e1rmore de carrara, com 1,88 metro de altura por 1 metro de largura, a obra teria sido criada em Floren\u00e7a e exibida pela \u00faltima vez na Galleria dell\u2019Arte Sublime, em Roma. No site da institui\u00e7\u00e3o, ela aparece como desaparecida desde os anos 40.<\/p>\n<p>Leia tamb\u00e9m: <a href=\"https:\/\/caras.com.br\/novelas\/estatua-de-tres-gracas-conheca-os-detalhes-por-tras-da-peca-central-da-novela.phtml\" rel=\"nofollow noopener\" target=\"_blank\">Est\u00e1tua de Tr\u00eas Gra\u00e7as: conhe\u00e7a os detalhes por tr\u00e1s da pe\u00e7a central da novela<\/a><\/p>\n<p>        <a href=\"https:\/\/caras.com.br\/autor\/izabella-nicolau\" rel=\"nofollow noopener\" target=\"_blank\">&#13;<br \/>\n          <img loading=\"lazy\" decoding=\"async\" alt=\"Izabella Nicolau\" src=\"https:\/\/www.europesays.com\/pt\/wp-content\/uploads\/2025\/10\/1761546134_794_whatsapp_image_2025-08-12_at_15.10.50_1_sqmd.jpeg\" class=\"avatar avatar-115 photo rounded-circle\" height=\"115\" width=\"115\"\/>        <\/a><\/p>\n<p><strong>Izabella Nicolau<\/strong> \u00e9 rep\u00f3rter de conte\u00fado do site CARAS. Formada em jornalismo, j\u00e1 passou por sites como Observat\u00f3rio do Cinema e Ultraverso. Escreve sobre cultura, entretenimento e celebridades.<\/p>\n","protected":false},"excerpt":{"rendered":"Arminda, personagem interpretada por Grazi Massafera em Tr\u00eas Gra\u00e7as, volta a ser destaque nos pr\u00f3ximos cap\u00edtulos da novela.&hellip;\n","protected":false},"author":2,"featured_media":155893,"comment_status":"","ping_status":"","sticky":false,"template":"","format":"standard","meta":{"footnotes":""},"categories":[144],"tags":[207,205,206,203,201,202,204,114,115,32,33],"class_list":{"0":"post-155892","1":"post","2":"type-post","3":"status-publish","4":"format-standard","5":"has-post-thumbnail","7":"category-arte-e-design","8":"tag-arte","9":"tag-arte-e-design","10":"tag-artedesign","11":"tag-arts","12":"tag-arts-and-design","13":"tag-artsanddesign","14":"tag-design","15":"tag-entertainment","16":"tag-entretenimento","17":"tag-portugal","18":"tag-pt"},"share_on_mastodon":{"url":"https:\/\/pubeurope.com\/@pt\/115567905105427256","error":""},"_links":{"self":[{"href":"https:\/\/www.europesays.com\/pt\/wp-json\/wp\/v2\/posts\/155892","targetHints":{"allow":["GET"]}}],"collection":[{"href":"https:\/\/www.europesays.com\/pt\/wp-json\/wp\/v2\/posts"}],"about":[{"href":"https:\/\/www.europesays.com\/pt\/wp-json\/wp\/v2\/types\/post"}],"author":[{"embeddable":true,"href":"https:\/\/www.europesays.com\/pt\/wp-json\/wp\/v2\/users\/2"}],"replies":[{"embeddable":true,"href":"https:\/\/www.europesays.com\/pt\/wp-json\/wp\/v2\/comments?post=155892"}],"version-history":[{"count":0,"href":"https:\/\/www.europesays.com\/pt\/wp-json\/wp\/v2\/posts\/155892\/revisions"}],"wp:featuredmedia":[{"embeddable":true,"href":"https:\/\/www.europesays.com\/pt\/wp-json\/wp\/v2\/media\/155893"}],"wp:attachment":[{"href":"https:\/\/www.europesays.com\/pt\/wp-json\/wp\/v2\/media?parent=155892"}],"wp:term":[{"taxonomy":"category","embeddable":true,"href":"https:\/\/www.europesays.com\/pt\/wp-json\/wp\/v2\/categories?post=155892"},{"taxonomy":"post_tag","embeddable":true,"href":"https:\/\/www.europesays.com\/pt\/wp-json\/wp\/v2\/tags?post=155892"}],"curies":[{"name":"wp","href":"https:\/\/api.w.org\/{rel}","templated":true}]}}