{"id":155894,"date":"2025-11-18T00:40:15","date_gmt":"2025-11-18T00:40:15","guid":{"rendered":"https:\/\/www.europesays.com\/pt\/155894\/"},"modified":"2025-11-18T00:40:15","modified_gmt":"2025-11-18T00:40:15","slug":"marco-costa-desvenda-segredo-sem-culpa","status":"publish","type":"post","link":"https:\/\/www.europesays.com\/pt\/155894\/","title":{"rendered":"Marco Costa desvenda segredo: &#8220;Sem culpa!&#8221;"},"content":{"rendered":"<p>Recentemente, <a href=\"https:\/\/selfie.iol.pt\/famosos\/casa-dos-segredos\/o-impossivel-a-acontecer-em-foto-impactante-filha-de-marco-costa-surge-com-pessoa-unica-e-o-pai-reage\/20251103\/6908a064d34e2bd5c6d38efc\" target=\"_blank\" rel=\"nofollow noopener\">Marco Costa<\/a> deixou os seguidores do Instagram com \u00e1gua na boca, ao partilhar o segredo para se preparar e provar uns queques de banana e cenoura, sem qualquer tipo de culpa.<\/p>\n<p>&#8220;Mais uma receita das que a fam\u00edlia toda pode comer sem culpa!&#8221;, exclamou o ex-concorrente de &#8220;<a href=\"https:\/\/tvi.iol.pt\/secretstory\/\" target=\"_blank\" rel=\"nofollow noopener\">Secret Story &#8211; Casa dos Segredos<\/a>&#8220;, antes de revelar cada um dos ingredientes e etapas de confe\u00e7\u00e3o do doce.<\/p>\n<p>Veja tudo no v\u00eddeo. E n\u00e3o deixe de espreitar algumas das melhores imagens de Marco Costa nas galerias de fotografias que prepar\u00e1mos para si.<\/p>\n<blockquote class=\"instagram-media\" data-instgrm-captioned=\"\" data-instgrm-permalink=\"https:\/\/www.instagram.com\/reel\/DQ-E9jxDLnh\/?utm_source=ig_embed&amp;utm_campaign=loading\" data-instgrm-version=\"14\" style=\" background:#FFF; border:0; border-radius:3px; box-shadow:0 0 1px 0 rgba(0,0,0,0.5),0 1px 10px 0 rgba(0,0,0,0.15); margin: 1px; max-width:540px; min-width:326px; padding:0; width:99.375%; width:-webkit-calc(100% - 2px); width:calc(100% - 2px);\">\n<\/blockquote>\n<p>                        <script async src=\"\/\/www.instagram.com\/embed.js\"><\/script><\/p>\n","protected":false},"excerpt":{"rendered":"Recentemente, Marco Costa deixou os seguidores do Instagram com \u00e1gua na boca, ao partilhar o segredo para se&hellip;\n","protected":false},"author":2,"featured_media":33037,"comment_status":"","ping_status":"","sticky":false,"template":"","format":"standard","meta":{"footnotes":""},"categories":[142],"tags":[2632,114,115,980,1015,3310,619,32,33,1014,4755,1315,1012,151,162],"class_list":{"0":"post-155894","1":"post","2":"type-post","3":"status-publish","4":"format-standard","5":"has-post-thumbnail","7":"category-tv","8":"tag-casa-dos-segredos","9":"tag-entertainment","10":"tag-entretenimento","11":"tag-famosos","12":"tag-instagram","13":"tag-marco-costa","14":"tag-nacional","15":"tag-portugal","16":"tag-pt","17":"tag-reality-show","18":"tag-receitas","19":"tag-secret-story","20":"tag-selfie","21":"tag-tv","22":"tag-tvi"},"share_on_mastodon":{"url":"https:\/\/pubeurope.com\/@pt\/115567920688290374","error":""},"_links":{"self":[{"href":"https:\/\/www.europesays.com\/pt\/wp-json\/wp\/v2\/posts\/155894","targetHints":{"allow":["GET"]}}],"collection":[{"href":"https:\/\/www.europesays.com\/pt\/wp-json\/wp\/v2\/posts"}],"about":[{"href":"https:\/\/www.europesays.com\/pt\/wp-json\/wp\/v2\/types\/post"}],"author":[{"embeddable":true,"href":"https:\/\/www.europesays.com\/pt\/wp-json\/wp\/v2\/users\/2"}],"replies":[{"embeddable":true,"href":"https:\/\/www.europesays.com\/pt\/wp-json\/wp\/v2\/comments?post=155894"}],"version-history":[{"count":0,"href":"https:\/\/www.europesays.com\/pt\/wp-json\/wp\/v2\/posts\/155894\/revisions"}],"wp:featuredmedia":[{"embeddable":true,"href":"https:\/\/www.europesays.com\/pt\/wp-json\/wp\/v2\/media\/33037"}],"wp:attachment":[{"href":"https:\/\/www.europesays.com\/pt\/wp-json\/wp\/v2\/media?parent=155894"}],"wp:term":[{"taxonomy":"category","embeddable":true,"href":"https:\/\/www.europesays.com\/pt\/wp-json\/wp\/v2\/categories?post=155894"},{"taxonomy":"post_tag","embeddable":true,"href":"https:\/\/www.europesays.com\/pt\/wp-json\/wp\/v2\/tags?post=155894"}],"curies":[{"name":"wp","href":"https:\/\/api.w.org\/{rel}","templated":true}]}}