{"id":155897,"date":"2025-11-18T00:43:11","date_gmt":"2025-11-18T00:43:11","guid":{"rendered":"https:\/\/www.europesays.com\/pt\/155897\/"},"modified":"2025-11-18T00:43:11","modified_gmt":"2025-11-18T00:43:11","slug":"mundial-2026-trump-ameaca-atacar-mexico-e-anuncia-novo-visto-fifa","status":"publish","type":"post","link":"https:\/\/www.europesays.com\/pt\/155897\/","title":{"rendered":"Mundial 2026: Trump amea\u00e7a atacar M\u00e9xico e anuncia novo visto FIFA"},"content":{"rendered":"<p>Ao lado do amigo Gianni Infantino, presidente da FIFA, e fiel ao seu estilo, Donald Trump fez importantes an\u00fancios nesta segunda-feira na Sala Oval, em Washington DC, na capital dos Estados Unidos da Am\u00e9rica.<\/p>\n<p>Numa confer\u00eancia de imprensa em que o Mundial 2026 era o grande tema, Donald Trump anunciou um novo regime de vistos de turista facilitando a entrada nos EUA para os adeptos das v\u00e1rias sele\u00e7\u00f5es.<\/p>\n<p>Os detentores de bilhetes para os jogos ter\u00e3o acesso a agendamentos antecipados para receber vistos nos consulados dos EUA no exterior. Por\u00e9m, Trump alertou que cidades-sede como Seattle e Los Angeles podem correr o risco de ver seus jogos transferidos devido a quest\u00f5es de \u00abseguran\u00e7a\u00bb.<\/p>\n<p>O regime foi batizado de\u00a0FIFA Priority Appointment Scheduling System, ou, numa vers\u00e3o mais coloquial, FIFA Pass. O Secret\u00e1rio de Estado Marco Rubio avisou durante a confer\u00eancia de imprensa, no entanto,\u00a0que \u00abum bilhete n\u00e3o \u00e9 um visto e n\u00e3o garante a admiss\u00e3o nos EUA\u00bb. Aqueles que se inscreverem com um bilhete poder\u00e3o obter uma entrevista dentro de \u00abseis a oito semanas\u00bb.<\/p>\n<p>No entanto, os candidatos ainda estar\u00e3o sujeitos a um grande n\u00edvel de verifica\u00e7\u00e3o, com praticamente as mesmas entrevistas e autoriza\u00e7\u00f5es de seguran\u00e7a que outras pessoas que pretendam entrar no pa\u00eds. O que muda, essencialmente, \u00e9 a rapidez do processo.<\/p>\n<p>Ao mesmo tempo, Trump n\u00e3o deixou de ser pol\u00e9mico. Questionado por um jornalista se admitiria atacar o M\u00e9xico, um dos co-anfitri\u00f5es da competi\u00e7\u00e3o al\u00e9m do Canad\u00e1, o presidente dos EUA n\u00e3o exclui a hip\u00f3tese. Tudo por causa do tr\u00e1fico de droga.<\/p>\n<p>\u00abSe lan\u00e7aria ataques? Por mim est\u00e1 ok. Eu vi a Cidade do M\u00e9xico no fim-de-semana e h\u00e1 alguns grandes problemas l\u00e1.\u00a0Se tiv\u00e9ssemos de o fazer, far\u00edamos\u00bb, disse.\u00a0<\/p>\n","protected":false},"excerpt":{"rendered":"Ao lado do amigo Gianni Infantino, presidente da FIFA, e fiel ao seu estilo, Donald Trump fez importantes&hellip;\n","protected":false},"author":2,"featured_media":155898,"comment_status":"","ping_status":"","sticky":false,"template":"","format":"standard","meta":{"footnotes":""},"categories":[87],"tags":[135,92,7618,2698,33503,82,46,1872,12632,32,33,47,134],"class_list":{"0":"post-155897","1":"post","2":"type-post","3":"status-publish","4":"format-standard","5":"has-post-thumbnail","7":"category-desporto","8":"tag-desporto","9":"tag-donald-trump","10":"tag-estados-unidos-da-america","11":"tag-fifa","12":"tag-gianni-infantino","13":"tag-internacional","14":"tag-maisfutebol","15":"tag-mexico","16":"tag-mundial-2026","17":"tag-portugal","18":"tag-pt","19":"tag-pura-paixao","20":"tag-sports"},"share_on_mastodon":{"url":"https:\/\/pubeurope.com\/@pt\/115567932834697955","error":""},"_links":{"self":[{"href":"https:\/\/www.europesays.com\/pt\/wp-json\/wp\/v2\/posts\/155897","targetHints":{"allow":["GET"]}}],"collection":[{"href":"https:\/\/www.europesays.com\/pt\/wp-json\/wp\/v2\/posts"}],"about":[{"href":"https:\/\/www.europesays.com\/pt\/wp-json\/wp\/v2\/types\/post"}],"author":[{"embeddable":true,"href":"https:\/\/www.europesays.com\/pt\/wp-json\/wp\/v2\/users\/2"}],"replies":[{"embeddable":true,"href":"https:\/\/www.europesays.com\/pt\/wp-json\/wp\/v2\/comments?post=155897"}],"version-history":[{"count":0,"href":"https:\/\/www.europesays.com\/pt\/wp-json\/wp\/v2\/posts\/155897\/revisions"}],"wp:featuredmedia":[{"embeddable":true,"href":"https:\/\/www.europesays.com\/pt\/wp-json\/wp\/v2\/media\/155898"}],"wp:attachment":[{"href":"https:\/\/www.europesays.com\/pt\/wp-json\/wp\/v2\/media?parent=155897"}],"wp:term":[{"taxonomy":"category","embeddable":true,"href":"https:\/\/www.europesays.com\/pt\/wp-json\/wp\/v2\/categories?post=155897"},{"taxonomy":"post_tag","embeddable":true,"href":"https:\/\/www.europesays.com\/pt\/wp-json\/wp\/v2\/tags?post=155897"}],"curies":[{"name":"wp","href":"https:\/\/api.w.org\/{rel}","templated":true}]}}