{"id":155901,"date":"2025-11-18T00:47:16","date_gmt":"2025-11-18T00:47:16","guid":{"rendered":"https:\/\/www.europesays.com\/pt\/155901\/"},"modified":"2025-11-18T00:47:16","modified_gmt":"2025-11-18T00:47:16","slug":"whatsapp-libera-funcao-de-digitalizar-documentos-e-enviar-arquivos-em-pdf-saiba-como-usar","status":"publish","type":"post","link":"https:\/\/www.europesays.com\/pt\/155901\/","title":{"rendered":"WhatsApp libera fun\u00e7\u00e3o de digitalizar documentos e enviar arquivos em PDF; saiba como usar"},"content":{"rendered":"\n<p class=\" content-text__container theme-color-primary-first-letter\" data-track-category=\"Link no Texto\" data-track-links=\"\"> Uma das funcionalidades em expans\u00e3o do WhatsApp \u00e9 a possibilidade de digitalizar documentos e envi\u00e1-los em formato PDF. A ferramenta permite capturar fotos e documentos f\u00edsicos gratuitamente, direto do aplicativo, e transform\u00e1-los em arquivos digitais. Com isso, o usu\u00e1rio n\u00e3o precisa recorrer a aplicativos de terceiros, como scanners dedicados ou softwares espec\u00edficos para celular. <\/p>\n<ul class=\"content-unordered-list\">\n<li><strong>Volta ao mundo em menos de uma hora?<\/strong><a class=\"\" href=\"https:\/\/oglobo.globo.com\/economia\/tecnologia\/noticia\/2025\/11\/17\/volta-ao-mundo-em-menos-de-uma-hora-conheca-a-nova-geracao-de-jatos-que-prometem-cruzar-oceanos-em-minutos-imagens.ghtml\" rel=\"nofollow noopener\" target=\"_blank\"> Conhe\u00e7a a nova gera\u00e7\u00e3o de jatos que prometem cruzar oceanos em minutos; veja as imagens<\/a><\/li>\n<li><strong>Saiba: <\/strong><a class=\"\" href=\"https:\/\/oglobo.globo.com\/economia\/tecnologia\/noticia\/2025\/11\/16\/quando-voce-deve-ativar-o-modo-aviao-no-celular-e-quando-e-melhor-desativar.ghtml\" rel=\"nofollow noopener\" target=\"_blank\">Quando voc\u00ea deve ativar o modo avi\u00e3o no celular e quando \u00e9 melhor desativar?<\/a><\/li>\n<\/ul>\n<p class=\" content-text__container \" data-track-category=\"Link no Texto\" data-track-links=\"\"> A fun\u00e7\u00e3o j\u00e1 est\u00e1 dispon\u00edvel nas vers\u00f5es mais recentes para Android e iOS. A Meta recomenda manter o aplicativo sempre atualizado, j\u00e1 que o recurso est\u00e1 sendo implementado de forma gradual entre os usu\u00e1rios. <\/p>\n<p>Como funciona o recurso de digitaliza\u00e7\u00e3o<\/p>\n<p class=\" content-text__container \" data-track-category=\"Link no Texto\" data-track-links=\"\"> Para digitalizar documentos no WhatsApp e envi\u00e1-los como PDF, o primeiro passo \u00e9 abrir o aplicativo e acessar a conversa em que o arquivo ser\u00e1 compartilhado. A partir da tela principal, basta selecionar o chat desejado. <\/p>\n<p class=\" content-text__container \" data-track-category=\"Link no Texto\" data-track-links=\"\"> Em seguida, dentro da conversa, toque no \u00edcone de clipe ou na op\u00e7\u00e3o \u201cAnexar arquivo\u201d e selecione \u201cDocumento\u201d. Essa escolha indica ao aplicativo que o arquivo enviado ser\u00e1 tratado como conte\u00fado escrito. <\/p>\n<p class=\" content-text__container \" data-track-category=\"Link no Texto\" data-track-links=\"\"> No menu exibido, selecione \u201cDigitalizar documento\u201d, localizado na parte inferior da lista. A c\u00e2mera ser\u00e1 ativada no modo de digitaliza\u00e7\u00e3o. \u00c9 poss\u00edvel usar o modo autom\u00e1tico \u2014 que enquadra e captura a imagem quando o dispositivo est\u00e1 est\u00e1vel \u2014 ou optar pelo modo manual, tirando a foto no momento que achar adequado. <\/p>\n<p>Ajustes antes de enviar o arquivo<\/p>\n<p class=\" content-text__container \" data-track-category=\"Link no Texto\" data-track-links=\"\"> Ap\u00f3s capturar a imagem, o usu\u00e1rio pode ajustar as bordas, aplicar filtros ou girar o documento para melhorar a leitura. A confirma\u00e7\u00e3o \u00e9 feita ao tocar em \u201cOK\u201d. <\/p>\n<ul class=\"content-unordered-list\">\n<li><strong>Psic\u00f3logo por Whatsapp?<\/strong><a class=\"\" href=\"https:\/\/oglobo.globo.com\/saude\/noticia\/2025\/11\/01\/estudo-encontra-evidencias-de-que-a-terapia-baseada-em-mensagens-de-texto-alivia-a-depressao.ghtml\" rel=\"nofollow noopener\" target=\"_blank\"><strong> <\/strong>Estudo mostra que a terapia escrita pode ter a mesma efic\u00e1cia que o v\u00eddeo para depress\u00e3o; entenda<\/a><\/li>\n<\/ul>\n<p class=\" content-text__container \" data-track-category=\"Link no Texto\" data-track-links=\"\"> Antes do envio, ainda \u00e9 poss\u00edvel adicionar um coment\u00e1rio para contextualizar o arquivo. Depois disso, basta confirmar. O documento ser\u00e1 encaminhado no formato PDF, pronto para ser aberto ou salvo em qualquer dispositivo compat\u00edvel. <\/p>\n","protected":false},"excerpt":{"rendered":"Uma das funcionalidades em expans\u00e3o do WhatsApp \u00e9 a possibilidade de digitalizar documentos e envi\u00e1-los em formato PDF.&hellip;\n","protected":false},"author":2,"featured_media":155902,"comment_status":"","ping_status":"","sticky":false,"template":"","format":"standard","meta":{"footnotes":""},"categories":[84],"tags":[109,107,108,319,32,33,318,105,103,104,106,110],"class_list":{"0":"post-155901","1":"post","2":"type-post","3":"status-publish","4":"format-standard","5":"has-post-thumbnail","7":"category-ciencia-e-tecnologia","8":"tag-ciencia","9":"tag-ciencia-e-tecnologia","10":"tag-cienciaetecnologia","11":"tag-hard-news","12":"tag-portugal","13":"tag-pt","14":"tag-radar","15":"tag-science","16":"tag-science-and-technology","17":"tag-scienceandtechnology","18":"tag-technology","19":"tag-tecnologia"},"share_on_mastodon":{"url":"https:\/\/pubeurope.com\/@pt\/115567948206283227","error":""},"_links":{"self":[{"href":"https:\/\/www.europesays.com\/pt\/wp-json\/wp\/v2\/posts\/155901","targetHints":{"allow":["GET"]}}],"collection":[{"href":"https:\/\/www.europesays.com\/pt\/wp-json\/wp\/v2\/posts"}],"about":[{"href":"https:\/\/www.europesays.com\/pt\/wp-json\/wp\/v2\/types\/post"}],"author":[{"embeddable":true,"href":"https:\/\/www.europesays.com\/pt\/wp-json\/wp\/v2\/users\/2"}],"replies":[{"embeddable":true,"href":"https:\/\/www.europesays.com\/pt\/wp-json\/wp\/v2\/comments?post=155901"}],"version-history":[{"count":0,"href":"https:\/\/www.europesays.com\/pt\/wp-json\/wp\/v2\/posts\/155901\/revisions"}],"wp:featuredmedia":[{"embeddable":true,"href":"https:\/\/www.europesays.com\/pt\/wp-json\/wp\/v2\/media\/155902"}],"wp:attachment":[{"href":"https:\/\/www.europesays.com\/pt\/wp-json\/wp\/v2\/media?parent=155901"}],"wp:term":[{"taxonomy":"category","embeddable":true,"href":"https:\/\/www.europesays.com\/pt\/wp-json\/wp\/v2\/categories?post=155901"},{"taxonomy":"post_tag","embeddable":true,"href":"https:\/\/www.europesays.com\/pt\/wp-json\/wp\/v2\/tags?post=155901"}],"curies":[{"name":"wp","href":"https:\/\/api.w.org\/{rel}","templated":true}]}}