{"id":155903,"date":"2025-11-18T00:50:24","date_gmt":"2025-11-18T00:50:24","guid":{"rendered":"https:\/\/www.europesays.com\/pt\/155903\/"},"modified":"2025-11-18T00:50:24","modified_gmt":"2025-11-18T00:50:24","slug":"flores-por-todo-o-lado-pode-ser-a-solucao-para-a-ameaca-a-um-dos-animais-mais-importantes-do-mundo","status":"publish","type":"post","link":"https:\/\/www.europesays.com\/pt\/155903\/","title":{"rendered":"Flores por todo o lado pode ser a solu\u00e7\u00e3o para a amea\u00e7a a um dos animais mais importantes do mundo"},"content":{"rendered":"<p>\t                A crise das abelhas est\u00e1 a inspirar solu\u00e7\u00f5es criativas. De colmeias reinventadas a pavilh\u00f5es urbanos que alimentam estes insetos polonizadores, o design junta-se agora \u00e0 luta pela biodiversidade<\/p>\n<p>\u201cSe os polinizadores desenhassem jardins, o que veriam os humanos?\u201d Por videochamada, a artista londrina Alexandra Daisy Ginsberg fala sobre o \u201cPollinator Pathmaker\u201d, uma ferramenta online que desenvolveu e que permite aos utilizadores criar jardins para o benef\u00edcio dos insetos polinizadores, como as abelhas &#8211; muitas das esp\u00e9cies que est\u00e3o amea\u00e7adas de extin\u00e7\u00e3o.<\/p>\n<p>Os projetos de planta\u00e7\u00e3o s\u00e3o gerados por um algoritmo que prioriza as flores que os polinizadores mais gostam de visitar. O resultado s\u00e3o jardins repletos de flores em todo o mundo, que Ginsberg descreve como \u201cobras de arte vivas\u201d.<\/p>\n<p>O projeto \u00e9 uma das muitas propostas em exibi\u00e7\u00e3o em \u201cMore than Human\u201d, mostra patente no Design Museum, em Londres, at\u00e9 5 de outubro. A exposi\u00e7\u00e3o explora a rela\u00e7\u00e3o interligada entre humanos, animais, plantas e outros seres vivos, apresentando ideias sobre como viver em maior harmonia com o mundo natural.<\/p>\n<p>  <img loading=\"lazy\" decoding=\"async\" alt=\"\" height=\"877\" src=\"https:\/\/www.europesays.com\/pt\/wp-content\/uploads\/2025\/11\/6909ebfbd34e2bd5c6d399ce.webp\" width=\"1113\"\/> <\/p>\n<p>    Com o &#8220;Bee Home&#8221;, ou &#8220;Casa das Abelhas&#8221;, os utilizadores podem selecionar o tamanho, a altura e o estilo que mais se adequam ao seu gosto. (Imagem:\u00a0Irina Boersma) <\/p>\n<p>As abelhas e outros polinizadores &#8211; como borboletas, vespas e beija-flores &#8211; s\u00e3o essenciais para manter a biodiversidade e a sa\u00fade dos ecossistemas terrestres. \u00c0 medida que se deslocam entre flores, recolhendo n\u00e9ctar para se alimentarem, transportam p\u00f3len involuntariamente, permitindo que as plantas se reproduzam.<\/p>\n<p>Segundo as Na\u00e7\u00f5es Unidas, um ter\u00e7o da produ\u00e7\u00e3o alimentar mundial depende dos polinizadores, incluindo as abelhas.<\/p>\n<p>  <img loading=\"lazy\" decoding=\"async\" alt=\"\" height=\"880\" src=\"https:\/\/www.europesays.com\/pt\/wp-content\/uploads\/2025\/11\/6909ebfbd34e2bd5c6d399d0.webp\" width=\"1321\"\/> <\/p>\n<p>    O Pollinator Pathmaker, na Serpentine, em Londres, era uma escultura viva feita de plantas. (Imagem:\u00a0Royston Hunt\/Cortesia de Alexandra Daisy Ginsberg Ltd) <\/p>\n<p>Mas as popula\u00e7\u00f5es de abelhas t\u00eam vindo a diminuir drasticamente. Nos Estados Unidos, o Servi\u00e7o Nacional de Estat\u00edsticas Agr\u00edcolas registou uma redu\u00e7\u00e3o de 5,9 milh\u00f5es de col\u00f3nias produtoras de mel em 1947 para 2,44 milh\u00f5es em 2008. Entre junho de 2024 e fevereiro de 2025, os apicultores comerciais norte-americanos reportaram a perda de 62% das suas col\u00f3nias de abelhas geridas.<\/p>\n<p>\u201cUma das principais causas do decl\u00ednio dos polinizadores \u00e9 a altera\u00e7\u00e3o das paisagens e a perda de flores nos ambientes humanos\u201d, explica Harland Patch, investigador no departamento de entomologia da Universidade Estatal da Pensilv\u00e2nia e coautor do livro \u201cThe Lives of Bees\u201d.<\/p>\n<p>Os cientistas atribuem essa perda de habitat natural e biodiverso \u00e0s altera\u00e7\u00f5es clim\u00e1ticas, \u00e0 polui\u00e7\u00e3o, aos pesticidas e ao desenvolvimento humano.<\/p>\n<p>&#8220;Dev\u00edamos ficar chocados se um bairro n\u00e3o estiver cheio de flores&#8221; <\/p>\n<p>Uma das formas mais eficazes de apoiar as abelhas \u00e9 garantir que t\u00eam uma grande variedade de flores para se alimentarem. Em resposta, arquitetos e designers come\u00e7aram a criar jardins \u201camigos dos polinizadores\u201d.<\/p>\n<p>  <img loading=\"lazy\" decoding=\"async\" alt=\"\" height=\"875\" src=\"https:\/\/www.europesays.com\/pt\/wp-content\/uploads\/2025\/11\/6909ebfbd34e3caad84ae0f5.webp\" width=\"1317\"\/> <\/p>\n<p>    A exposi\u00e7\u00e3o \u201cMore than Human\u201d (Mais do que humano) no Museu do Design, em Londres, explora a rela\u00e7\u00e3o interligada entre humanos e animais, plantas e outros seres vivos. (Imagem: Luke Hayes\/Cortesia do Museu do Design) <\/p>\n<p>  <img loading=\"lazy\" decoding=\"async\" alt=\"\" height=\"881\" src=\"https:\/\/www.europesays.com\/pt\/wp-content\/uploads\/2025\/11\/6909ebfbd34e2bd5c6d399d2.webp\" width=\"1317\"\/> <\/p>\n<p>    Tamb\u00e9m apresenta ideias sobre como viver em mais harmonia com o mundo natural, como o pavilh\u00e3o &#8220;Alusta&#8221;. (Imagem: Maiju Suomi) <\/p>\n<p>O pavilh\u00e3o \u201cAlusta\u201d, criado pelo est\u00fadio finland\u00eas Suomi\/Koivisto e tamb\u00e9m exibido em \u201cMore than Human\u201d, \u00e9 uma estrutura tempor\u00e1ria e jardim concebido em Hels\u00ednquia, em 2022.<\/p>\n<p>\u201cContact\u00e1mos um grupo de investigadores em ecologia para perguntar se era poss\u00edvel atrair polinizadores para um parque de estacionamento pavimentado no centro de Hels\u00ednquia\u201d, conta a cofundadora Maiju Suomi por videochamada. \u201cDisseram-nos que sim, se escolhermos as plantas certas.\u201d<\/p>\n<p>Com a ajuda dos ecologistas, a equipa selecionou plantas favor\u00e1veis aos polinizadores, como pr\u00edmulas, tomilho-lim\u00e3o, morangueiro-bravo e hissopo, dispondo-as em torno de um pavilh\u00e3o feito de blocos de argila.<\/p>\n<p>\u201cQuer\u00edamos criar um espa\u00e7o que representasse como os nossos destinos est\u00e3o entrela\u00e7ados com os das esp\u00e9cies n\u00e3o humanas\u201d, argumenta Miju Suomi. \u201cSe elas n\u00e3o sobreviverem, n\u00f3s tamb\u00e9m n\u00e3o.\u201d<\/p>\n<p>Trabalhar num projeto como este, acrescenta, ajuda os designers a compreender como as suas decis\u00f5es podem apoiar &#8211; e n\u00e3o quebrar &#8211; essas rela\u00e7\u00f5es.<\/p>\n<p>No Arboreto da Universidade Estatal da Pensilv\u00e2nia, um complexo de parque e jardim bot\u00e2nico, foi criado em 2021 um Jardim de Polinizadores e Aves para atrair insetos e aves locais.<\/p>\n<p>Desenhado pelo Didier Design Studio, Claudia West e Phyto Studio, o jardim inclui plantas floridas como solid\u00e1gos, hortel\u00e3-das-montanhas nativa e funcho. As equipas organizaram as planta\u00e7\u00f5es para unirem beleza est\u00e9tica e fun\u00e7\u00e3o cient\u00edfica.<\/p>\n<p>  <img loading=\"lazy\" decoding=\"async\" alt=\"\" height=\"875\" src=\"https:\/\/www.europesays.com\/pt\/wp-content\/uploads\/2025\/11\/6909ebfbd34e3caad84ae0f7.webp\" width=\"1172\"\/> <\/p>\n<p>    O Jardim dos Polinizadores e Aves no Arboreto da Penn-State. (Imagem: Harland Patch) <\/p>\n<p>Um dos objetivos do jardim \u00e9 inspirar os visitantes a criar os seus pr\u00f3prios espa\u00e7os amigos dos polinizadores, se tiverem recursos.<\/p>\n<p>\u201cA principal regra \u00e9 plantar o maior n\u00famero poss\u00edvel de plantas floridas\u201d, diz\u00a0Harland Patch, investigador e diretor do programa de polinizadores do Arboreto. \u201cCriem clubes de planta\u00e7\u00e3o, envolvam os vossos vizinhos e a vossa cidade. No s\u00e9culo XXI, dev\u00edamos ficar chocados se um bairro n\u00e3o estiver cheio de flores.\u201d<\/p>\n<p>Casas com privacidade <\/p>\n<p>Al\u00e9m das flores para alimenta\u00e7\u00e3o, designers t\u00eam criado abrigos inovadores para que as abelhas possam refugiar-se e nidificar, ajudando \u00e0 sua sobreviv\u00eancia.<\/p>\n<p>As colmeias, estruturas constru\u00eddas pelo ser humano para abrigar abelhas produtoras de mel, existem h\u00e1 mil\u00e9nios, mas os designs continuam a evoluir.<\/p>\n<p>Na Semana de Design de Mil\u00e3o deste ano, foi apresentada a colmeia \u201cHost\u201d, criada pelo est\u00fadio londrino Layer em colabora\u00e7\u00e3o com o fabricante espanhol Andreu World.<\/p>\n<p>De design modular, constru\u00edda em madeira, metal e palha, a \u201cHost\u201d reformula o modelo tradicional de colmeias em caixas empilhadas.<\/p>\n<p>\u201cAnalis\u00e1mos colmeias existentes e vimos oportunidades para melhor\u00e1-las\u201d, conta Benjamin Hubert, fundador da Layer.<\/p>\n<p>  <img loading=\"lazy\" decoding=\"async\" alt=\"\" height=\"873\" src=\"https:\/\/www.europesays.com\/pt\/wp-content\/uploads\/2025\/11\/6909ebfbd34e2bd5c6d399d4.webp\" width=\"1303\"\/> <\/p>\n<p>    Desenvolvido pelo est\u00fadio de design industrial Layer, sediado em Londres, em colabora\u00e7\u00e3o com o fabricante espanhol de mobili\u00e1rio Andreu World, o &#8220;Host&#8221; tem como objetivo melhorar a &#8220;habitabilidade&#8221; da colmeia. (Imagem: Cortesia de Layer) <\/p>\n<p>O novo modelo inclui ventila\u00e7\u00e3o eficiente, prote\u00e7\u00e3o contra chuva e isolamento em palha em torno da c\u00e2mara de cria\u00e7\u00e3o, mantendo as abelhas mais quentes em climas frios &#8211; tudo para melhorar a habitabilidade da colmeia, explica Benjamin Hubert.<\/p>\n<p>A artista e designer francesa Marlene Huissoud criou uma colmeia especial no Museu SFER IK, no M\u00e9xico, para a abelha Melipona, uma esp\u00e9cie local em decl\u00ednio.<\/p>\n<p>A colmeia, chamada \u201cMama\u201d, assemelha-se a um grupo de troncos de \u00e1rvore interligados.<\/p>\n<p>\u201c\u00c9 como uma \u00e1rvore com v\u00e1rios canais, e em cada um vive um enxame diferente\u201d, explica Marlene Huissoud.<\/p>\n<p>Ela trabalhou com um apicultor local para criar uma estrutura confort\u00e1vel para as abelhas, oferecendo-lhes m\u00e1xima privacidade em rela\u00e7\u00e3o aos observadores humanos.<\/p>\n<p>Huissoud cresceu entre colmeias &#8211; o pai era apicultor &#8211; e essa conviv\u00eancia despertou-lhe uma fasc\u00ednio profundo por estes insetos.<\/p>\n<p>\u201cViver com abelhas despertou o meu interesse\u201d, afirma.\u00a0<\/p>\n<p>Muitas das suas pe\u00e7as s\u00e3o habitats para abelhas e outros polinizadores. A cadeira \u201cPlease Stand By\u201d, feita em argila e perfurada com buracos para insetos, tamb\u00e9m est\u00e1 exposta em \u201cMore than Human\u201d.<\/p>\n<p>\u201cTodas as nossas decis\u00f5es de design que n\u00e3o combatem as altera\u00e7\u00f5es clim\u00e1ticas tornam piores as condi\u00e7\u00f5es de vida de todos os seres &#8211; humanos e n\u00e3o humanos\u201d, afirma Miju Suomi, da Suomi\/Koivisto.<\/p>\n<p>As colmeias destinam-se apenas \u00e0s abelhas produtoras de mel, que representam uma pequena fra\u00e7\u00e3o das cerca de 20 mil esp\u00e9cies de abelhas existentes. Muitas s\u00e3o solit\u00e1rias, preferindo nidificar sozinhas.<\/p>\n<p>Os chamados \u201chot\u00e9is para abelhas\u201d utilizam feixes de canas ocas ou troncos de madeira perfurados, integrados em pequenas estruturas de madeira semelhantes a casas de p\u00e1ssaros, recriando os habitats naturais dessas abelhas solit\u00e1rias. Vers\u00f5es destes hot\u00e9is podem ser encontradas em jardins e parques de todo o mundo, incluindo o Arboreto da Penn State.<\/p>\n<p>Em 2020, a designer dinamarquesa Tanita Klein, em parceria com os est\u00fadios Bakken &amp; B\u00e6ck e Space10 (antigo laborat\u00f3rio de investiga\u00e7\u00e3o e design da IKEA), criou o \u201cBee Home\u201d, um hotel modular para abelhas em madeira, com design aberto e param\u00e9trico.<\/p>\n<p>Atrav\u00e9s de uma ferramenta online, os utilizadores podiam escolher o tamanho, a altura e o estilo, descarregando os ficheiros para fabricar as suas pr\u00f3prias vers\u00f5es.<\/p>\n<p>Os resultados assemelhavam-se a pequenas torres de madeira, com padr\u00f5es de buracos semelhantes a janelas.<\/p>\n<p>  <img loading=\"lazy\" decoding=\"async\" alt=\"\" height=\"881\" src=\"https:\/\/www.europesays.com\/pt\/wp-content\/uploads\/2025\/11\/6909ebfbd34e3caad84ae0f9.webp\" width=\"700\"\/> <\/p>\n<p>    Uma colmeia especial no Museu SFER IK, no M\u00e9xico, foi desenvolvida para a abelha melipona, uma esp\u00e9cie local que enfrenta um decl\u00ednio populacional. (Imagem: Gamaliel Mendez Garcia\/Museu SFER IK) <\/p>\n<p>  <img loading=\"lazy\" decoding=\"async\" alt=\"\" height=\"878\" src=\"https:\/\/www.europesays.com\/pt\/wp-content\/uploads\/2025\/11\/6909ebfcd34e2bd5c6d399d6.webp\" width=\"701\"\/> <\/p>\n<p>    Criada por Marlene Huissoud, a colmeia chamada &#8220;Mama&#8221; assemelha-se a um conjunto din\u00e2mico de troncos de \u00e1rvores. (Imagem: Museu SFER IK) <\/p>\n<p>H\u00e1 tamb\u00e9m os tijolos arquitet\u00f3nicos perfurados, conhecidos como \u201cbee bricks\u201d, que podem ser integrados em fachadas ou muros de jardim para criar oportunidades de nidifica\u00e7\u00e3o. Na cidade inglesa de Brighton, esses tijolos tornaram-se uma exig\u00eancia obrigat\u00f3ria para a aprova\u00e7\u00e3o da maioria dos novos projetos de constru\u00e7\u00e3o.<\/p>\n<p>Miju Suomi considera estas interven\u00e7\u00f5es diretas de design essenciais, mas lembra que os designers tamb\u00e9m podem ajudar os polinizadores de forma indireta, atrav\u00e9s de escolhas conscientes.<\/p>\n<p>\u201cAs altera\u00e7\u00f5es clim\u00e1ticas est\u00e3o a mudar as condi\u00e7\u00f5es de vida de todos os seres, piorando-as na maioria dos casos e acelerando a perda de biodiversidade\u201d, diz.<\/p>\n<p>\u201cTodas as nossas decis\u00f5es de design que n\u00e3o combatem as altera\u00e7\u00f5es clim\u00e1ticas pioram as condi\u00e7\u00f5es de vida de todos &#8211; humanos e n\u00e3o humanos.\u201d<\/p>\n","protected":false},"excerpt":{"rendered":"A crise das abelhas est\u00e1 a inspirar solu\u00e7\u00f5es criativas. De colmeias reinventadas a pavilh\u00f5es urbanos que alimentam estes&hellip;\n","protected":false},"author":2,"featured_media":155904,"comment_status":"","ping_status":"","sticky":false,"template":"","format":"standard","meta":{"footnotes":""},"categories":[50],"tags":[2400,609,964,1353,4292,5291,443,27,28,109,2271,607,608,2169,31816,18591,610,1008,2643,15,16,13621,14,2172,25,26,570,21,22,62,12,13,19,20,33504,23,24,110,4057,17,18,29,30,31,63,64,65],"class_list":{"0":"post-155903","1":"post","2":"type-post","3":"status-publish","4":"format-standard","5":"has-post-thumbnail","7":"category-mundo","8":"tag-abelhas","9":"tag-alerta","10":"tag-ambiente","11":"tag-animais","12":"tag-aplicacoes","13":"tag-aquecimento-global","14":"tag-astronomia","15":"tag-breaking-news","16":"tag-breakingnews","17":"tag-ciencia","18":"tag-clima","19":"tag-cnn","20":"tag-cnn-portugal","21":"tag-criatividade","22":"tag-descobertas","23":"tag-designers","24":"tag-direto","25":"tag-espaco","26":"tag-estudos","27":"tag-featured-news","28":"tag-featurednews","29":"tag-futuro","30":"tag-headlines","31":"tag-inovacao","32":"tag-latest-news","33":"tag-latestnews","34":"tag-live","35":"tag-main-news","36":"tag-mainnews","37":"tag-mundo","38":"tag-news","39":"tag-noticias","40":"tag-noticias-principais","41":"tag-noticiasprincipais","42":"tag-populacao-de-abelhas","43":"tag-principais-noticias","44":"tag-principaisnoticias","45":"tag-tecnologia","46":"tag-telemoveis","47":"tag-top-stories","48":"tag-topstories","49":"tag-ultimas","50":"tag-ultimas-noticias","51":"tag-ultimasnoticias","52":"tag-world","53":"tag-world-news","54":"tag-worldnews"},"share_on_mastodon":{"url":"","error":"Validation failed: Text character limit of 500 exceeded"},"_links":{"self":[{"href":"https:\/\/www.europesays.com\/pt\/wp-json\/wp\/v2\/posts\/155903","targetHints":{"allow":["GET"]}}],"collection":[{"href":"https:\/\/www.europesays.com\/pt\/wp-json\/wp\/v2\/posts"}],"about":[{"href":"https:\/\/www.europesays.com\/pt\/wp-json\/wp\/v2\/types\/post"}],"author":[{"embeddable":true,"href":"https:\/\/www.europesays.com\/pt\/wp-json\/wp\/v2\/users\/2"}],"replies":[{"embeddable":true,"href":"https:\/\/www.europesays.com\/pt\/wp-json\/wp\/v2\/comments?post=155903"}],"version-history":[{"count":0,"href":"https:\/\/www.europesays.com\/pt\/wp-json\/wp\/v2\/posts\/155903\/revisions"}],"wp:featuredmedia":[{"embeddable":true,"href":"https:\/\/www.europesays.com\/pt\/wp-json\/wp\/v2\/media\/155904"}],"wp:attachment":[{"href":"https:\/\/www.europesays.com\/pt\/wp-json\/wp\/v2\/media?parent=155903"}],"wp:term":[{"taxonomy":"category","embeddable":true,"href":"https:\/\/www.europesays.com\/pt\/wp-json\/wp\/v2\/categories?post=155903"},{"taxonomy":"post_tag","embeddable":true,"href":"https:\/\/www.europesays.com\/pt\/wp-json\/wp\/v2\/tags?post=155903"}],"curies":[{"name":"wp","href":"https:\/\/api.w.org\/{rel}","templated":true}]}}