{"id":155907,"date":"2025-11-18T00:54:13","date_gmt":"2025-11-18T00:54:13","guid":{"rendered":"https:\/\/www.europesays.com\/pt\/155907\/"},"modified":"2025-11-18T00:54:13","modified_gmt":"2025-11-18T00:54:13","slug":"vai-se-mudar-margareth-serrao-mae-de-virginia-fonseca-agita-a-web-com-anuncio","status":"publish","type":"post","link":"https:\/\/www.europesays.com\/pt\/155907\/","title":{"rendered":"Vai se mudar? Margareth Serr\u00e3o, m\u00e3e de Virginia Fonseca, agita a web com an\u00fancio"},"content":{"rendered":"<p><a href=\"https:\/\/caras.com.br\/tags\/margareth-serrao\" target=\"_blank\" rel=\"noopener nofollow\"><strong>Margareth Serr\u00e3o<\/strong><\/a>, m\u00e3e de\u00a0<strong>Virginia Fonseca<\/strong>, agitou as redes sociais nesta segunda-feira, 17, ao comunicar que iria se mudar para Espanha, pa\u00eds onde mora o jogador Vini Jr., atual namorado de sua filha.<\/p>\n<p>Em seu perfil oficial no Instagram, ela postou uma foto e falou sobre a decis\u00e3o.\u00a0\u201cMuito feliz. Estou de mudan\u00e7as para Espanha. Quem diria hein?\u201d, escreveu ela na legenda da publica\u00e7\u00e3o.<\/p>\n<p>Ap\u00f3s especula\u00e7\u00f5es de alguns internautas de que a mudan\u00e7a seria uma pegadinha, Margareth fez um outra publica\u00e7\u00e3o confirmando que a mudan\u00e7a era brincadeira. A m\u00e3e de Virginia surgiu sorridente ao lado do humorista\u00a0<strong>Maur\u00edcio Meirelles<\/strong>, conhecido pelo quadro WebBullying, em que ele invade o perfil de famosos.\u00a0\u201cO tal do Maur\u00edcio Meirelles pegou meu celular\u201d, confessou.<\/p>\n<p>O comediante esteve no SBT para gravar uma participa\u00e7\u00e3o no programa\u00a0Sabadou com Virginia e aproveitou para fazer a brincadeira.\u00a0\u201cEle causa n\u00e9\u201d, disse uma seguidora nos coment\u00e1rios.\u00a0\u201cEu coloquei a culpa no Lucas Guedez, depois lembrei que ele tava por a\u00ed\u201d, confessou outra.\u00a0\u201cEu sabia\u201d, garantiu uma f\u00e3.<\/p>\n<p>Vale lembrar que em outubro, <a href=\"https:\/\/caras.com.br\/atualidades\/margareth-serrao-curte-noite-em-balada-apos-festa-de-virginia-e-vini-jr-nem-sei-onde-estou.phtml\" target=\"_blank\" rel=\"noopener nofollow\">Margareth passou alguns dias em Madri, na Espanha<\/a>, na casa de Vini Jr., com Virginia e os tr\u00eas filhos delas, <strong>Maria Alice<\/strong>, <strong>Maria Flor<\/strong> e <strong>Jos\u00e9 Leonardo<\/strong>.<\/p>\n<blockquote class=\"instagram-media\" style=\"background: #FFF; border: 0; border-radius: 3px; box-shadow: 0 0 1px 0 rgba(0,0,0,0.5),0 1px 10px 0 rgba(0,0,0,0.15); margin: 1px; max-width: 540px; min-width: 326px; padding: 0; width: calc(100% - 2px);\" data-instgrm-permalink=\"https:\/\/www.instagram.com\/p\/DRK03XTEdYp\/?utm_source=ig_embed&amp;utm_campaign=loading\" data-instgrm-version=\"14\"><\/blockquote>\n<blockquote class=\"instagram-media\" style=\"background: #FFF; border: 0; border-radius: 3px; box-shadow: 0 0 1px 0 rgba(0,0,0,0.5),0 1px 10px 0 rgba(0,0,0,0.15); margin: 1px; max-width: 540px; min-width: 326px; padding: 0; width: calc(100% - 2px);\" data-instgrm-permalink=\"https:\/\/www.instagram.com\/p\/DRK3zjbkYua\/?utm_source=ig_embed&amp;utm_campaign=loading\" data-instgrm-version=\"14\"><\/blockquote>\n<p>  Namorado de Margareh Serr\u00e3o passa por cirurgia <\/p>\n<p>Recentemente, Margareth Serr\u00e3o revelou em suas redes sociais que <a href=\"https:\/\/caras.com.br\/atualidades\/apos-cirurgia-estetica-danilo-nascimento-acompanha-margareth-serrao-no-gp-de-sao-paulo.phtml\" target=\"_blank\" rel=\"noopener nofollow\">seu namorado, o cantor\u00a0<strong>Danilo Nascimento<\/strong>, realizou uma lipoaspira\u00e7\u00e3o de alta defini\u00e7\u00e3o<\/a>, conhecida como Lipo HD. A m\u00e3e de Virginia n\u00e3o sabia do procedimento e s\u00f3 soube quando ela j\u00e1 estava na Espanha.<\/p>\n<p>\u201cEle s\u00f3 me avisou na \u00faltima hora. Ele s\u00f3 queria fazer uma surpresa para mim. Mas estou dando o maior apoio para ele daqui, ligando todos os dias, o m\u00e9dico me envia mensagens e fotos, e o acompanhante dele tamb\u00e9m me mant\u00e9m informada. Eu s\u00f3 rezava para que desse tudo certo, e gra\u00e7as a Deus deu tudo maravilhoso. Se eu soubesse, eu estaria l\u00e1 com ele\u201d, explicou ela em seus Stories.<\/p>\n<p><strong>Leia tamb\u00e9m:<\/strong> <a href=\"https:\/\/caras.com.br\/datas-especiais\/mae-de-virginia-fonseca-chama-atencao-ao-comemorar-o-aniversario-de-poliana-rocha.phtml\" target=\"_blank\" rel=\"noopener nofollow\">M\u00e3e de Virginia Fonseca chama aten\u00e7\u00e3o com homenagem no anivers\u00e1rio de Poliana Rocha<\/a><\/p>\n<p>        <a href=\"https:\/\/caras.com.br\/autor\/daniela-santos\" rel=\"nofollow noopener\" target=\"_blank\">&#13;<br \/>\n          <img loading=\"lazy\" decoding=\"async\" alt=\"Daniela Santos\" src=\"https:\/\/www.europesays.com\/pt\/wp-content\/uploads\/2025\/09\/1758949148_187_daniela-santos_sqmd.jpg\" class=\"avatar avatar-115 photo rounded-circle\" height=\"115\" width=\"115\"\/>        <\/a><\/p>\n<p><b>Daniela Santos<\/b> \u00e9 rep\u00f3rter do site CARAS. Formada em jornalismo pela FIAM FAAM, atua na \u00e1rea de celebridades e TV desde 2018<\/p>\n<p>\t                                            <script async src=\"\/\/www.instagram.com\/embed.js\"><\/script><\/p>\n","protected":false},"excerpt":{"rendered":"Margareth Serr\u00e3o, m\u00e3e de\u00a0Virginia Fonseca, agitou as redes sociais nesta segunda-feira, 17, ao comunicar que iria se mudar&hellip;\n","protected":false},"author":2,"featured_media":155908,"comment_status":"","ping_status":"","sticky":false,"template":"","format":"standard","meta":{"footnotes":""},"categories":[145],"tags":[211,210,114,115,640,33505,10284,3893,602,32,33],"class_list":{"0":"post-155907","1":"post","2":"type-post","3":"status-publish","4":"format-standard","5":"has-post-thumbnail","7":"category-celebridades","8":"tag-celebridades","9":"tag-celebrities","10":"tag-entertainment","11":"tag-entretenimento","12":"tag-espanha","13":"tag-mae-de-virginia-fonseca","14":"tag-margareth-serrao","15":"tag-mudanca","16":"tag-pais","17":"tag-portugal","18":"tag-pt"},"share_on_mastodon":{"url":"https:\/\/pubeurope.com\/@pt\/115567976395924512","error":""},"_links":{"self":[{"href":"https:\/\/www.europesays.com\/pt\/wp-json\/wp\/v2\/posts\/155907","targetHints":{"allow":["GET"]}}],"collection":[{"href":"https:\/\/www.europesays.com\/pt\/wp-json\/wp\/v2\/posts"}],"about":[{"href":"https:\/\/www.europesays.com\/pt\/wp-json\/wp\/v2\/types\/post"}],"author":[{"embeddable":true,"href":"https:\/\/www.europesays.com\/pt\/wp-json\/wp\/v2\/users\/2"}],"replies":[{"embeddable":true,"href":"https:\/\/www.europesays.com\/pt\/wp-json\/wp\/v2\/comments?post=155907"}],"version-history":[{"count":0,"href":"https:\/\/www.europesays.com\/pt\/wp-json\/wp\/v2\/posts\/155907\/revisions"}],"wp:featuredmedia":[{"embeddable":true,"href":"https:\/\/www.europesays.com\/pt\/wp-json\/wp\/v2\/media\/155908"}],"wp:attachment":[{"href":"https:\/\/www.europesays.com\/pt\/wp-json\/wp\/v2\/media?parent=155907"}],"wp:term":[{"taxonomy":"category","embeddable":true,"href":"https:\/\/www.europesays.com\/pt\/wp-json\/wp\/v2\/categories?post=155907"},{"taxonomy":"post_tag","embeddable":true,"href":"https:\/\/www.europesays.com\/pt\/wp-json\/wp\/v2\/tags?post=155907"}],"curies":[{"name":"wp","href":"https:\/\/api.w.org\/{rel}","templated":true}]}}