{"id":155913,"date":"2025-11-18T01:01:19","date_gmt":"2025-11-18T01:01:19","guid":{"rendered":"https:\/\/www.europesays.com\/pt\/155913\/"},"modified":"2025-11-18T01:01:19","modified_gmt":"2025-11-18T01:01:19","slug":"rafa-silva-descarta-sporting-e-abre-a-porta-a-um-regresso-ao-benfica","status":"publish","type":"post","link":"https:\/\/www.europesays.com\/pt\/155913\/","title":{"rendered":"Rafa Silva descarta Sporting e abre a porta a um regresso ao Benfica"},"content":{"rendered":"<p>&#8211; Advertisement &#8211;<\/p>\n<p><strong>Rafa Silva est\u00e1 disposto a rumar ao Benfica no pr\u00f3ximo mercado de transfer\u00eancias, sabendo que vai ter que baixar o ordenado para regressar \u00e0 Luz.<\/strong><\/p>\n<p>Rafa Silva n\u00e3o fecha a porta a um regresso ao Benfica em breve, estando inclusivamente consciente de que ter\u00e1 que baixar o seu ordenado de seis milh\u00f5es de euros, de maneira a poder assinar pelo emblema da Luz. A informa\u00e7\u00e3o est\u00e1 a ser avan\u00e7ada pelo Maisfutebol.<\/p>\n<p>A mesma fonte indica que o Sporting n\u00e3o \u00e9 op\u00e7\u00e3o para o internacional portugu\u00eas, estando descartada uma ida para o Jos\u00e9 de Alvalade. Os le\u00f5es est\u00e3o em busca de um novo extremo. Rafa Silva encontra-se descontente no Besiktas e a sua sa\u00edda de Istambul j\u00e1 em janeiro \u00e9 praticamente certa.<\/p>\n<p>Rafa Silva vestiu a camisola do Benfica entre 2016 e 2024. Na presente \u00e9poca leva 16 partidas, com cinco golos e tr\u00eas assist\u00eancias. O Benfica n\u00e3o est\u00e1 disposto a investir na aquisi\u00e7\u00e3o do atleta, <a href=\"https:\/\/bolanarede.pt\/especial-bola-na-rede\/atualidade\/benfica-aceita-receber-rafa-silva-mediante-uma-condicao-financeira\/\" target=\"_blank\" rel=\"noreferrer noopener nofollow\">aceitando somente uma transfer\u00eancia a custo zero<\/a>.<\/p>\n<blockquote class=\"twitter-tweet\" data-width=\"550\" data-dnt=\"true\">\n<p lang=\"pt\" dir=\"ltr\">\ud83d\udea8\ud83d\udea8 Regresso ao Benfica AGRADA a Rafa Silva, avan\u00e7a o <a href=\"https:\/\/twitter.com\/maisfutebol?ref_src=twsrc%5Etfw\" rel=\"nofollow noopener\" target=\"_blank\">@maisfutebol<\/a>.<br \/>O extremo de 32 anos est\u00e1 consciente de que um eventual regresso ao Est\u00e1dio da Luz implica um corte salarial, tendo em conta que aufere 6 milh\u00f5es de euros no Besiktas, adianta a mesma fonte.<br \/>A hip\u00f3tese de rumar\u2026 <a href=\"https:\/\/t.co\/37fEblgcB3\" rel=\"nofollow\">pic.twitter.com\/37fEblgcB3<\/a><\/p>\n<p>\u2014 Di\u00e1rio de Transfer\u00eancias (@DTransferencias) <a href=\"https:\/\/twitter.com\/DTransferencias\/status\/1990486756181884945?ref_src=twsrc%5Etfw\" rel=\"nofollow noopener\" target=\"_blank\">November 17, 2025<\/a><\/p><\/blockquote>\n<p><script async src=\"https:\/\/platform.twitter.com\/widgets.js\" charset=\"utf-8\"><\/script><\/p>\n","protected":false},"excerpt":{"rendered":"&#8211; Advertisement &#8211; Rafa Silva est\u00e1 disposto a rumar ao Benfica no pr\u00f3ximo mercado de transfer\u00eancias, sabendo que&hellip;\n","protected":false},"author":2,"featured_media":155914,"comment_status":"","ping_status":"","sticky":false,"template":"","format":"standard","meta":{"footnotes":""},"categories":[87],"tags":[260,51,437,135,478,32,479,33,21749,34,134],"class_list":{"0":"post-155913","1":"post","2":"type-post","3":"status-publish","4":"format-standard","5":"has-post-thumbnail","7":"category-desporto","8":"tag-atualidade","9":"tag-benfica","10":"tag-besiktas","11":"tag-desporto","12":"tag-destaques-bnr","13":"tag-portugal","14":"tag-primeira-liga","15":"tag-pt","16":"tag-rafa-silva","17":"tag-sporting","18":"tag-sports"},"share_on_mastodon":{"url":"https:\/\/pubeurope.com\/@pt\/115568003237876948","error":""},"_links":{"self":[{"href":"https:\/\/www.europesays.com\/pt\/wp-json\/wp\/v2\/posts\/155913","targetHints":{"allow":["GET"]}}],"collection":[{"href":"https:\/\/www.europesays.com\/pt\/wp-json\/wp\/v2\/posts"}],"about":[{"href":"https:\/\/www.europesays.com\/pt\/wp-json\/wp\/v2\/types\/post"}],"author":[{"embeddable":true,"href":"https:\/\/www.europesays.com\/pt\/wp-json\/wp\/v2\/users\/2"}],"replies":[{"embeddable":true,"href":"https:\/\/www.europesays.com\/pt\/wp-json\/wp\/v2\/comments?post=155913"}],"version-history":[{"count":0,"href":"https:\/\/www.europesays.com\/pt\/wp-json\/wp\/v2\/posts\/155913\/revisions"}],"wp:featuredmedia":[{"embeddable":true,"href":"https:\/\/www.europesays.com\/pt\/wp-json\/wp\/v2\/media\/155914"}],"wp:attachment":[{"href":"https:\/\/www.europesays.com\/pt\/wp-json\/wp\/v2\/media?parent=155913"}],"wp:term":[{"taxonomy":"category","embeddable":true,"href":"https:\/\/www.europesays.com\/pt\/wp-json\/wp\/v2\/categories?post=155913"},{"taxonomy":"post_tag","embeddable":true,"href":"https:\/\/www.europesays.com\/pt\/wp-json\/wp\/v2\/tags?post=155913"}],"curies":[{"name":"wp","href":"https:\/\/api.w.org\/{rel}","templated":true}]}}