{"id":155919,"date":"2025-11-18T01:06:45","date_gmt":"2025-11-18T01:06:45","guid":{"rendered":"https:\/\/www.europesays.com\/pt\/155919\/"},"modified":"2025-11-18T01:06:45","modified_gmt":"2025-11-18T01:06:45","slug":"ha-uma-moeda-de-1-centimo-que-pode-valer-dezenas-de-milhares-de-euros","status":"publish","type":"post","link":"https:\/\/www.europesays.com\/pt\/155919\/","title":{"rendered":"h\u00e1 uma moeda de 1 c\u00eantimo que pode valer dezenas de milhares de euros"},"content":{"rendered":"<p>A numism\u00e1tica apaixona muitas pessoas e tornou-se, com a aten\u00e7\u00e3o adequada, uma boa forma de investimento: cada vez se paga mais por algumas das pe\u00e7as mais valiosas e raras de muitas cole\u00e7\u00f5es. Tanto que conv\u00e9m ir tomando aten\u00e7\u00e3o a moedas antigas \u2013 e algumas n\u00e3o t\u00e3o antigas quanto isso\u2026 \u2013 que possa ter na carteira ou guardadas em casa.<\/p>\n<p>Os valores elevados em leil\u00f5es, segundo indicou o jornal \u2018El Espa\u00f1ol\u2019, n\u00e3o dizem somente respeito a moedas de outras \u00e9pocas: h\u00e1 uma moeda de um c\u00eantimo de 2002, ou seja, com pouco mais de duas d\u00e9cadas, que se tornou a \u2018joia\u2019 de qualquer cole\u00e7\u00e3o, uma vez que pode valer dezenas de milhares de euros.<\/p>\n<p>O \u2018Santo Graal\u2019 de qualquer colecionador destaca-se n\u00e3o s\u00f3 pelo baixo valor facial mas tamb\u00e9m pelo seu design particular e raridade, o que fez disparar o interesse: a moeda em quest\u00e3o \u00e9 a de 1 c\u00eantimo de valor real que foi projetada por Rolf Lederbogen, arquiteto alem\u00e3o da Baixa Sax\u00f3nia falecido em 2012.<\/p>\n<p>O reverso desta moeda apresenta um carvalho, um s\u00edmbolo significativo na hist\u00f3ria e cultura alem\u00e3. O carvalho representa o Estado protetor dos cidad\u00e3os, enquanto o caule simboliza for\u00e7a e estabilidade.<\/p>\n<p>O que a torna excecional \u00e9 o facto de ser feita de um tipo diferente de a\u00e7o em compara\u00e7\u00e3o com as outras moedas de c\u00eantimo fabricadas na mesma \u00e9poca, uma singularidade que lhe confere uma cor distinta.<\/p>\n<p>A verdade \u00e9 que este item particular, devido ao facto de haver muito poucos exemplares no mundo, j\u00e1 atingiu em alguns dos leil\u00f5es mais conceituados at\u00e9 50 mil euros.<\/p>\n<p>N\u00e3o obstante o seu valor extraordin\u00e1rio, recomenda-se sempre que fa\u00e7a uma consulta junto de especialistas de numism\u00e1tica, que podem fazer uma avalia\u00e7\u00e3o apurada da sua cole\u00e7\u00e3o.<\/p>\n","protected":false},"excerpt":{"rendered":"A numism\u00e1tica apaixona muitas pessoas e tornou-se, com a aten\u00e7\u00e3o adequada, uma boa forma de investimento: cada vez&hellip;\n","protected":false},"author":2,"featured_media":155920,"comment_status":"","ping_status":"","sticky":false,"template":"","format":"standard","meta":{"footnotes":""},"categories":[50],"tags":[27,28,15,16,14,25,26,21,22,62,12,13,19,20,23,24,17,18,29,30,31,63,64,65],"class_list":{"0":"post-155919","1":"post","2":"type-post","3":"status-publish","4":"format-standard","5":"has-post-thumbnail","7":"category-mundo","8":"tag-breaking-news","9":"tag-breakingnews","10":"tag-featured-news","11":"tag-featurednews","12":"tag-headlines","13":"tag-latest-news","14":"tag-latestnews","15":"tag-main-news","16":"tag-mainnews","17":"tag-mundo","18":"tag-news","19":"tag-noticias","20":"tag-noticias-principais","21":"tag-noticiasprincipais","22":"tag-principais-noticias","23":"tag-principaisnoticias","24":"tag-top-stories","25":"tag-topstories","26":"tag-ultimas","27":"tag-ultimas-noticias","28":"tag-ultimasnoticias","29":"tag-world","30":"tag-world-news","31":"tag-worldnews"},"share_on_mastodon":{"url":"https:\/\/pubeurope.com\/@pt\/115568022934089810","error":""},"_links":{"self":[{"href":"https:\/\/www.europesays.com\/pt\/wp-json\/wp\/v2\/posts\/155919","targetHints":{"allow":["GET"]}}],"collection":[{"href":"https:\/\/www.europesays.com\/pt\/wp-json\/wp\/v2\/posts"}],"about":[{"href":"https:\/\/www.europesays.com\/pt\/wp-json\/wp\/v2\/types\/post"}],"author":[{"embeddable":true,"href":"https:\/\/www.europesays.com\/pt\/wp-json\/wp\/v2\/users\/2"}],"replies":[{"embeddable":true,"href":"https:\/\/www.europesays.com\/pt\/wp-json\/wp\/v2\/comments?post=155919"}],"version-history":[{"count":0,"href":"https:\/\/www.europesays.com\/pt\/wp-json\/wp\/v2\/posts\/155919\/revisions"}],"wp:featuredmedia":[{"embeddable":true,"href":"https:\/\/www.europesays.com\/pt\/wp-json\/wp\/v2\/media\/155920"}],"wp:attachment":[{"href":"https:\/\/www.europesays.com\/pt\/wp-json\/wp\/v2\/media?parent=155919"}],"wp:term":[{"taxonomy":"category","embeddable":true,"href":"https:\/\/www.europesays.com\/pt\/wp-json\/wp\/v2\/categories?post=155919"},{"taxonomy":"post_tag","embeddable":true,"href":"https:\/\/www.europesays.com\/pt\/wp-json\/wp\/v2\/tags?post=155919"}],"curies":[{"name":"wp","href":"https:\/\/api.w.org\/{rel}","templated":true}]}}