{"id":155927,"date":"2025-11-18T01:12:17","date_gmt":"2025-11-18T01:12:17","guid":{"rendered":"https:\/\/www.europesays.com\/pt\/155927\/"},"modified":"2025-11-18T01:12:17","modified_gmt":"2025-11-18T01:12:17","slug":"ao-pequeno-almoco-marisa-susana-perde-a-paciencia-com-pedro-es-mau-tviplayer-iol-pt","status":"publish","type":"post","link":"https:\/\/www.europesays.com\/pt\/155927\/","title":{"rendered":"Ao pequeno-almo\u00e7o, Marisa Susana perde a paci\u00eancia com Pedro: \u00ab\u00c9s mau\u00bb &#8211; tviplayer.iol.pt"},"content":{"rendered":"<ol>\n<li><a href=\"https:\/\/news.google.com\/rss\/articles\/CBMipAFBVV95cUxOLVZFTkR0bGpVOGlyNVNtaEZrSGtHMHV3VlFqYVNPQl9HVmxtZDVFbHhtenIwQkc3UmY1NVhUck1OdFhWQUlXRkRmY2xUdWJ0UWFDZzVZX0lqX0QzcXZIaEdZbmw0NUo0ZHdySWJ3YmpTckZWTU4zQngxUG95d0ZzNG9tMjVTWnJaQXYwcUFHdzdJdFlUQVBOa3drSDc0bHQ0WHdPTA?oc=5\" target=\"_blank\" rel=\"nofollow noopener\">Ao pequeno-almo\u00e7o, Marisa Susana perde a paci\u00eancia com Pedro: \u00ab\u00c9s mau\u00bb<\/a>&nbsp;&nbsp;tviplayer.iol.pt<\/li>\n<li><a href=\"https:\/\/news.google.com\/rss\/articles\/CBMiswFBVV95cUxPR1I0SFhya25BZ2ZSdXJ5QnkxT014ZFJqMGk1MnJQRU9waUtKY2xlSE1JdnpZVjVTZVRzUzlpV05LYTVXZ3dLYkFKRmpLMDZtVkFuTkxtbGRmaWVDekdUWjkycnQzUWttN0EyV0ZzeU9DSHFCMjUzcW1vZ0xKMzNkeFRFREd5bmNybGxRckRsNG5PY0hGbWhWaE96VzNoZWNCMXlwMHVhc0hkTjh4V1VJQXdPVQ?oc=5\" target=\"_blank\" rel=\"nofollow noopener\">Marisa acredita que Marisa Susana est\u00e1 apaixonada por Pedro: \u201cOlha para ti de forma diferente\u2026\u201d<\/a>&nbsp;&nbsp;Hiper Fm<\/li>\n<li><a href=\"https:\/\/news.google.com\/rss\/articles\/CBMiugFBVV95cUxNdVBaMVpLQ3pkTUlxS3JfZFpnNDBNM0VGenVPalRzWEZ6aXZ5NThjUzM5a215RTBMQTFRajhJWEgxejJHdGZhUk1peXhFX0toYzVRTTdWWlE3UlFKbHVybGFDWS1WS1hZWW1SMll2eW91MllvaHRiUHdGdGRZTWNtekhqbHJvd0p2dG1mWE1tbWd2RGVhTjQ2aFhFdGNiR1NPZjVkbzMydHd3Sm9yX1dydENrT1lRb2YxaVE?oc=5\" target=\"_blank\" rel=\"nofollow noopener\">Pedro Jorge revela conversa com Marisa Susana e Marisa atira: &#8220;Ela parece que tem ci\u00fames&#8221;<\/a>&nbsp;&nbsp;A Televis\u00e3o<\/li>\n<li><a href=\"https:\/\/news.google.com\/rss\/articles\/CBMipwFBVV95cUxOQ1dFVnBwSDJqUXhEeTF4czE1b1lEUGNsY2hGY09qOFNJXzdYUUpNdHdVTFBENlVTUmx5Z2NjeGdDbEZFWVRVWm5SMlNGdjRjUnpRMUFVSlktRnhWbUxmOWVKaF9iTExHUmJaMkRrbU91OVpCazFSQ3FKbWRyaktlRXFyRE02TVZ0TlhtZEdKdjF2NUVtcW05ekY0ejJfbTBxbTctdEh4UQ?oc=5\" target=\"_blank\" rel=\"nofollow noopener\">\u201cSecret Story 9: Marisa explode de ci\u00fames e acusa Pedro Jorge \u2014 \u2018Andaste a ro\u00e7ar na outra!\u2019<\/a>&nbsp;&nbsp;infocul.pt<\/li>\n<li><a href=\"https:\/\/news.google.com\/rss\/articles\/CBMitAFBVV95cUxPeG1JOGRwWUFWMHhuNlRaX3hWWm5MQlZyS0tTVk1CZFhmeXVtaHJzNUpvSGFENll2S2xaajEyZXVMVGpJdEdFeXk4QWdFQi1UdGJPUXNCUGFBY1dHNl92NlBWLWY3eE13LWo0MHpRcjVtX3FERjlCQ1BRdUJZT21tSWNtcF91OUNDQ0FMTDdEMFJtWU5QVFZpVzE3VTBSQUdHR2FBdjNrY3hOYVg0UEtNdU5BeUQ?oc=5\" target=\"_blank\" rel=\"nofollow noopener\">&#8220;Est\u00e1s a passar uma imagem muito m\u00e1 l\u00e1 para fora&#8221; &#8211; Pedro Jorge impaciente com &#8216;filmes&#8217; da Marisa<\/a>&nbsp;&nbsp;Dioguinho<\/li>\n<\/ol>\n","protected":false},"excerpt":{"rendered":"Ao pequeno-almo\u00e7o, Marisa Susana perde a paci\u00eancia com Pedro: \u00ab\u00c9s mau\u00bb&nbsp;&nbsp;tviplayer.iol.pt Marisa acredita que Marisa Susana est\u00e1 apaixonada&hellip;\n","protected":false},"author":2,"featured_media":155928,"comment_status":"","ping_status":"","sticky":false,"template":"","format":"standard","meta":{"footnotes":""},"categories":[142],"tags":[114,115,19153,14646,32,33,151],"class_list":{"0":"post-155927","1":"post","2":"type-post","3":"status-publish","4":"format-standard","5":"has-post-thumbnail","7":"category-tv","8":"tag-entertainment","9":"tag-entretenimento","10":"tag-marisa-susana","11":"tag-pedro","12":"tag-portugal","13":"tag-pt","14":"tag-tv"},"share_on_mastodon":{"url":"https:\/\/pubeurope.com\/@pt\/115568046434025424","error":""},"_links":{"self":[{"href":"https:\/\/www.europesays.com\/pt\/wp-json\/wp\/v2\/posts\/155927","targetHints":{"allow":["GET"]}}],"collection":[{"href":"https:\/\/www.europesays.com\/pt\/wp-json\/wp\/v2\/posts"}],"about":[{"href":"https:\/\/www.europesays.com\/pt\/wp-json\/wp\/v2\/types\/post"}],"author":[{"embeddable":true,"href":"https:\/\/www.europesays.com\/pt\/wp-json\/wp\/v2\/users\/2"}],"replies":[{"embeddable":true,"href":"https:\/\/www.europesays.com\/pt\/wp-json\/wp\/v2\/comments?post=155927"}],"version-history":[{"count":0,"href":"https:\/\/www.europesays.com\/pt\/wp-json\/wp\/v2\/posts\/155927\/revisions"}],"wp:featuredmedia":[{"embeddable":true,"href":"https:\/\/www.europesays.com\/pt\/wp-json\/wp\/v2\/media\/155928"}],"wp:attachment":[{"href":"https:\/\/www.europesays.com\/pt\/wp-json\/wp\/v2\/media?parent=155927"}],"wp:term":[{"taxonomy":"category","embeddable":true,"href":"https:\/\/www.europesays.com\/pt\/wp-json\/wp\/v2\/categories?post=155927"},{"taxonomy":"post_tag","embeddable":true,"href":"https:\/\/www.europesays.com\/pt\/wp-json\/wp\/v2\/tags?post=155927"}],"curies":[{"name":"wp","href":"https:\/\/api.w.org\/{rel}","templated":true}]}}