{"id":155935,"date":"2025-11-18T01:22:10","date_gmt":"2025-11-18T01:22:10","guid":{"rendered":"https:\/\/www.europesays.com\/pt\/155935\/"},"modified":"2025-11-18T01:22:10","modified_gmt":"2025-11-18T01:22:10","slug":"depois-da-depressao-claudia-vem-ai-o-frio-temperaturas-minimas-podem-chegar-a-4c","status":"publish","type":"post","link":"https:\/\/www.europesays.com\/pt\/155935\/","title":{"rendered":"Depois da depress\u00e3o Cl\u00e1udia, vem a\u00ed o frio. Temperaturas m\u00ednimas podem chegar a -4\u00b0C"},"content":{"rendered":"<p>Depois de v\u00e1rios dias em que a depress\u00e3o Cl\u00e1udia nos brindou com chuva, vento e agita\u00e7\u00e3o mar\u00edtimo, a partir desta segunda-feira, 17 de novembro, vai come\u00e7ar-se a sentir gradualmente a descida da temperatura m\u00ednima.<\/p>\n<p>A temperatura m\u00e1xima tamb\u00e9m vai come\u00e7ar a descer, mas a partir de quarta-feira.<\/p>\n<p>Este <strong>arrefecimento &#8220;deve-se ao posicionamento do anticiclone a oeste das ilhas Brit\u00e2nicas, que se estende em crista at\u00e9 o arquip\u00e9lago da Madeira, com transporte de uma massa de ar polar na sua circula\u00e7\u00e3o&#8221;<\/strong>, explica o IPMA.<\/p>\n<p>At\u00e9 sexta-feira, &#8220;os valores de temperatura m\u00ednima poder\u00e3o descer entre 2 a 4\u00b0 C por dia, chegando a valores entre 0 e -4\u00b0 C no interior Norte e Centro, e entre 4 e 7\u00b0 C no restante territ\u00f3rio&#8221;.<\/p>\n<p>J\u00e1 a temperatura m\u00e1xima ir\u00e1 descer entre quarta e quinta-feira, &#8220;chegando a valores entre 6 e 10\u00b0 C no interior e entre 12 e 15\u00b0 C no litoral no dia 21&#8221;.<\/p>\n<p>Prev\u00ea-se ainda a forma\u00e7\u00e3o de gelo ou geada, em especial no interior das regi\u00f5es Norte e Centro.<\/p>\n","protected":false},"excerpt":{"rendered":"Depois de v\u00e1rios dias em que a depress\u00e3o Cl\u00e1udia nos brindou com chuva, vento e agita\u00e7\u00e3o mar\u00edtimo, a&hellip;\n","protected":false},"author":2,"featured_media":155936,"comment_status":"","ping_status":"","sticky":false,"template":"","format":"standard","meta":{"footnotes":""},"categories":[10],"tags":[27,28,15,16,9086,14,33509,25,26,21,22,12,13,19,20,32,23,24,33,17,18,29,30,31],"class_list":{"0":"post-155935","1":"post","2":"type-post","3":"status-publish","4":"format-standard","5":"has-post-thumbnail","7":"category-portugal","8":"tag-breaking-news","9":"tag-breakingnews","10":"tag-featured-news","11":"tag-featurednews","12":"tag-frio","13":"tag-headlines","14":"tag-instituto-portugues-do-mar-e-da-atmosfera-ipma","15":"tag-latest-news","16":"tag-latestnews","17":"tag-main-news","18":"tag-mainnews","19":"tag-news","20":"tag-noticias","21":"tag-noticias-principais","22":"tag-noticiasprincipais","23":"tag-portugal","24":"tag-principais-noticias","25":"tag-principaisnoticias","26":"tag-pt","27":"tag-top-stories","28":"tag-topstories","29":"tag-ultimas","30":"tag-ultimas-noticias","31":"tag-ultimasnoticias"},"share_on_mastodon":{"url":"https:\/\/pubeurope.com\/@pt\/115568085779494004","error":""},"_links":{"self":[{"href":"https:\/\/www.europesays.com\/pt\/wp-json\/wp\/v2\/posts\/155935","targetHints":{"allow":["GET"]}}],"collection":[{"href":"https:\/\/www.europesays.com\/pt\/wp-json\/wp\/v2\/posts"}],"about":[{"href":"https:\/\/www.europesays.com\/pt\/wp-json\/wp\/v2\/types\/post"}],"author":[{"embeddable":true,"href":"https:\/\/www.europesays.com\/pt\/wp-json\/wp\/v2\/users\/2"}],"replies":[{"embeddable":true,"href":"https:\/\/www.europesays.com\/pt\/wp-json\/wp\/v2\/comments?post=155935"}],"version-history":[{"count":0,"href":"https:\/\/www.europesays.com\/pt\/wp-json\/wp\/v2\/posts\/155935\/revisions"}],"wp:featuredmedia":[{"embeddable":true,"href":"https:\/\/www.europesays.com\/pt\/wp-json\/wp\/v2\/media\/155936"}],"wp:attachment":[{"href":"https:\/\/www.europesays.com\/pt\/wp-json\/wp\/v2\/media?parent=155935"}],"wp:term":[{"taxonomy":"category","embeddable":true,"href":"https:\/\/www.europesays.com\/pt\/wp-json\/wp\/v2\/categories?post=155935"},{"taxonomy":"post_tag","embeddable":true,"href":"https:\/\/www.europesays.com\/pt\/wp-json\/wp\/v2\/tags?post=155935"}],"curies":[{"name":"wp","href":"https:\/\/api.w.org\/{rel}","templated":true}]}}