{"id":155937,"date":"2025-11-18T01:24:38","date_gmt":"2025-11-18T01:24:38","guid":{"rendered":"https:\/\/www.europesays.com\/pt\/155937\/"},"modified":"2025-11-18T01:24:38","modified_gmt":"2025-11-18T01:24:38","slug":"presidenciais-marques-mendes-pela-primeira-vez-com-vantagem-sobre-gouveia-e-melo-cotrim-sobe","status":"publish","type":"post","link":"https:\/\/www.europesays.com\/pt\/155937\/","title":{"rendered":"Presidenciais: Marques Mendes, pela primeira vez, com vantagem sobre Gouveia e Melo. Cotrim sobe"},"content":{"rendered":"<p data-remotead-prev-elm=\"true\" data-remotead-elm-id=\"inread\">O empate persiste, mas \u00e9 Lu\u00eds Marques Mendes quem agora lidera as inten\u00e7\u00f5es de voto nas Presidenciais de 18 de janeiro e quem surge como o candidato vencedor numa eventual segunda volta.<\/p>\n<p>Pela primeira vez, nesta sondagem, Marques Mendes ultrapassa Henrique Gouveia e Melo, embora os dois e tamb\u00e9m Ant\u00f3nio Jos\u00e9 Seguro ainda estejam dentro da margem de erro que \u00e9 de cerca de 3pp. <strong>Marques Mendes lidera com 22, 6%<\/strong>, <strong>um pouco acima dos 21,1% do almirante na reserva. <\/strong><\/p>\n<p>Neste pelot\u00e3o da frente e ainda dentro das margens do empate t\u00e9cnico, <strong>Ant\u00f3nio Jos\u00e9 Seguro, com 17,4%,<\/strong> beneficia tamb\u00e9m da queda de Gouveia e Melo, que tem vindo a perder terreno nos \u00faltimos meses e cai mais de 5pp, em rela\u00e7\u00e3o ao m\u00eas passado.<\/p>\n<p data-remotead-prev-elm=\"true\" data-remotead-elm-id=\"centro1\"><img decoding=\"async\" class=\"ngx-body\" guid=\"24ef9d40-ddd9-460d-911c-ba631cf5eb2d\" src=\"https:\/\/www.europesays.com\/pt\/wp-content\/uploads\/2025\/11\/1763429077_965_image.jpg\" width=\"100%\"\/><\/p>\n<p>Segue-se<strong> Andr\u00e9 Ventura com 14,7%<\/strong>, a 1,6 pp da zona de empate t\u00e9cnico, embora, numa eventual segunda volta, saia a perder com todos os principais candidatos.<\/p>\n<p><strong>Jo\u00e3o Cotrim de Figueiredo com 12,6%<\/strong> \u00e9 aquele que mais sobe &#8211; s\u00e3o 3,5 pp em rela\u00e7\u00e3o a outubro e est\u00e1 a cerca de 2pp de Ventura.<\/p>\n<p data-remotead-prev-elm=\"true\" data-remotead-elm-id=\"centro2\">Entre os candidatos que pretendem representar o espa\u00e7o da esquerda, <strong>Catarina Martins destaca-se com 4,4%, acima de Ant\u00f3nio Filipe (2,5%) e de Jorge Pires (1,4%).<\/strong><\/p>\n<p><strong>Mendes bate todos na segunda volta<\/strong><\/p>\n<p>Marques Mendes tamb\u00e9m leva vantagem numa eventual segunda volta j\u00e1 que, de acordo com este estudo, venceria todos. A margem menor seria sobre Ant\u00f3nio Jos\u00e9 Seguro (apenas 4pp), mas Mendes ganha com maior folga se o advers\u00e1rio for Gouveia e Melo (46%-39%) e ainda mais se for Andr\u00e9 Ventura.<\/p>\n<p data-remotead-prev-elm=\"true\" data-remotead-elm-id=\"centro3\">J\u00e1 Ant\u00f3nio Jos\u00e9 Seguro s\u00f3 perderia eventualmente para Marques Mendes, vencendo, com folga, tanto Gouveia e Melo como Ventura. No caso de Henrique Gouveia e Melo, s\u00f3 sairia vencedor se do outro lado estivesse Andr\u00e9 Ventura.<\/p>\n<p><strong>Quem vota em quem?<\/strong><\/p>\n<p>Analisando o voto nas \u00faltimas legislativas, \u00e9 Andr\u00e9 Ventura quem mais segura o eleitorado, embora com uma quebra, j\u00e1 que metade dos que votaram no Chega mant\u00eam o voto em Ventura.<\/p>\n<p>Marques Mendes agarra cerca de 40% do eleitorado da AD, 18% ponderam o voto em Gouveia e Melo e outros 17% em Cotrim de Figueiredo.<\/p>\n<p data-remotead-prev-elm=\"true\" data-remotead-elm-id=\"centro4\">Seguro tamb\u00e9m ret\u00e9m 40% dos eleitores socialistas, embora 26% de quem assume o voto no PS opte por Gouveia e Melo.<\/p>\n<p>O almirante na reserva obt\u00e9m os melhores valores entre os homens, nas classes mais baixas e na Grande Lisboa. Marques Mendes vence junto das mulheres, classe alta e a Norte e consegue ultrapassar Andr\u00e9 Ventura no voto mais jovem. J\u00e1 Ant\u00f3nio Jos\u00e9 Seguro tem melhor presta\u00e7\u00e3o junto dos mais velhos.<\/p>\n<p>Agora, mais perto do in\u00edcio oficial da campanha, existem menos <strong>indecisos: eram mais de 17% agora s\u00e3o cerca de 13%. <\/strong><\/p>\n<p><img decoding=\"async\" class=\"ngx-body\" guid=\"3d118bb9-b581-445c-9547-73d0cf56d7c6\" src=\"https:\/\/www.europesays.com\/pt\/wp-content\/uploads\/2025\/11\/1763429078_635_image.jpg\" width=\"100%\"\/><\/p>\n<p><strong>Maioria quer PR &#8220;imparcial&#8221; face ao Chega e sem dissolu\u00e7\u00e3o da AR<\/strong><\/p>\n<p data-remotead-prev-elm=\"true\" data-remotead-elm-id=\"centro5\">A grande maioria (62%) mant\u00e9m que o Presidente deve ser imparcial face a uma eventual entrada do Chega no Governo. J\u00e1 20% consideram que o PR deve promover a entrada do Chega no Executivo, se isso garantir a estabilidade pol\u00edtica, mas neste m\u00eas aumentou quem afirma que, pelo contr\u00e1rio, deve ser impedida essa entrada, mesmo que isso cause instabilidade.<\/p>\n<p>Em rela\u00e7\u00e3o ao m\u00eas passado cresce tamb\u00e9m o n\u00famero de quem defende que o Presidente n\u00e3o deve dissolver o Parlamento em caso de chumbo do Or\u00e7amento do Estado (62%). Pelo contr\u00e1rio, 34% consideram que, nesse caso, deveria dissolver.<\/p>\n<p>Nos temas que devem ser a prioridade de interven\u00e7\u00e3o do pr\u00f3ximo Presidente da Rep\u00fablica, a Sa\u00fade cresce 16pp face m\u00eas passado (37%), seguem-se em queda (9%) a pol\u00edtica de imigra\u00e7\u00e3o e a habita\u00e7\u00e3o (8%).<\/p>\n<p>FICHA T\u00c9CNICA:<\/p>\n<p>Sondagem realizada pela Pitag\u00f3rica para a TSF\/JN\/TVI\/CNN Portugal, com o objetivo de avaliar a opini\u00e3o dos portugueses sobre temas relacionados com as elei\u00e7\u00f5es presidenciais de 2026. O trabalho de campo decorreu entre os dias 5 e 14 de novembro. A amostra foi recolhida de forma aleat\u00f3ria junto de eleitores recenseados em Portugal e foi devidamente estratificada por g\u00e9nero, idade e regi\u00e3o. A taxa de resposta foi de 52,47%. As mil entrevistas telef\u00f3nicas recolhidas correspondem a uma margem de erro m\u00e1xima de +\/- 3,16% para um n\u00edvel de confian\u00e7a de 95,5%. A dire\u00e7\u00e3o t\u00e9cnica do estudo \u00e9 da responsabilidade de Rita Marques da Silva.<\/p>\n","protected":false},"excerpt":{"rendered":"O empate persiste, mas \u00e9 Lu\u00eds Marques Mendes quem agora lidera as inten\u00e7\u00f5es de voto nas Presidenciais de&hellip;\n","protected":false},"author":2,"featured_media":155938,"comment_status":"","ping_status":"","sticky":false,"template":"","format":"standard","meta":{"footnotes":""},"categories":[8],"tags":[3386,17462,3399,27,28,21811,1705,15,16,14,9705,9520,25,26,17461,21,22,12,13,19,20,52,32,1076,23,24,33,4862,17,18,29,30,31],"class_list":{"0":"post-155937","1":"post","2":"type-post","3":"status-publish","4":"format-standard","5":"has-post-thumbnail","7":"category-principais-noticias","8":"tag-andre-ventura","9":"tag-antonio-filipe","10":"tag-antonio-jose-seguro","11":"tag-breaking-news","12":"tag-breakingnews","13":"tag-catarina-martins","14":"tag-eleicoes-presidenciais","15":"tag-featured-news","16":"tag-featurednews","17":"tag-headlines","18":"tag-henrique-gouveia-e-melo","19":"tag-joao-cotrim-figueiredo","20":"tag-latest-news","21":"tag-latestnews","22":"tag-luis-marques-mendes","23":"tag-main-news","24":"tag-mainnews","25":"tag-news","26":"tag-noticias","27":"tag-noticias-principais","28":"tag-noticiasprincipais","29":"tag-politica","30":"tag-portugal","31":"tag-presidenciais-2026","32":"tag-principais-noticias","33":"tag-principaisnoticias","34":"tag-pt","35":"tag-sondagem","36":"tag-top-stories","37":"tag-topstories","38":"tag-ultimas","39":"tag-ultimas-noticias","40":"tag-ultimasnoticias"},"share_on_mastodon":{"url":"","error":"Validation failed: Text character limit of 500 exceeded"},"_links":{"self":[{"href":"https:\/\/www.europesays.com\/pt\/wp-json\/wp\/v2\/posts\/155937","targetHints":{"allow":["GET"]}}],"collection":[{"href":"https:\/\/www.europesays.com\/pt\/wp-json\/wp\/v2\/posts"}],"about":[{"href":"https:\/\/www.europesays.com\/pt\/wp-json\/wp\/v2\/types\/post"}],"author":[{"embeddable":true,"href":"https:\/\/www.europesays.com\/pt\/wp-json\/wp\/v2\/users\/2"}],"replies":[{"embeddable":true,"href":"https:\/\/www.europesays.com\/pt\/wp-json\/wp\/v2\/comments?post=155937"}],"version-history":[{"count":0,"href":"https:\/\/www.europesays.com\/pt\/wp-json\/wp\/v2\/posts\/155937\/revisions"}],"wp:featuredmedia":[{"embeddable":true,"href":"https:\/\/www.europesays.com\/pt\/wp-json\/wp\/v2\/media\/155938"}],"wp:attachment":[{"href":"https:\/\/www.europesays.com\/pt\/wp-json\/wp\/v2\/media?parent=155937"}],"wp:term":[{"taxonomy":"category","embeddable":true,"href":"https:\/\/www.europesays.com\/pt\/wp-json\/wp\/v2\/categories?post=155937"},{"taxonomy":"post_tag","embeddable":true,"href":"https:\/\/www.europesays.com\/pt\/wp-json\/wp\/v2\/tags?post=155937"}],"curies":[{"name":"wp","href":"https:\/\/api.w.org\/{rel}","templated":true}]}}