{"id":155942,"date":"2025-11-18T01:30:09","date_gmt":"2025-11-18T01:30:09","guid":{"rendered":"https:\/\/www.europesays.com\/pt\/155942\/"},"modified":"2025-11-18T01:30:09","modified_gmt":"2025-11-18T01:30:09","slug":"james-cameron-jurou-fazer-outro-alita","status":"publish","type":"post","link":"https:\/\/www.europesays.com\/pt\/155942\/","title":{"rendered":"James Cameron jurou fazer outro Alita"},"content":{"rendered":"<p>Desde 2019 que os f\u00e3s do filme Alita questionam se James Cameron tem planos para apresentar o segundo filme, algo que o pr\u00f3prio realizador disse no passado que desejava fazer, mas agora comentou que se trata de uma promessa.<\/p>\n<p>Numa conversa com a Empire, para promover a estreia de Avatar: Fogo e Cinza em dezembro, Cameron foi questionado sobre o estado de Alita 2, o que o levou a responder que est\u00e1 grato pela lealdade dos f\u00e3s ao filme, cuja continua\u00e7\u00e3o est\u00e1 nos seus planos.<\/p>\n<p>Segundo Cameron, fez uma promessa com Robert Rodriguez para colaborarem em, pelo menos, mais um filme Alita, mas na verdade, j\u00e1 est\u00e3o a pensar na \u201carquitectura que faz ponte para um terceiro filme, mas ficaremos satisfeitos se conseguirmos fazer mais um. Estamos a fazer progresso nisso.\u201d<\/p>\n<p>Cameron acrescentou que agora tem uma casa a 4 quil\u00f3metros da casa de Robert Rodriguez, por isso, quando terminar todo o trabalho em Avatar: Fogo e Cinza, provavelmente vai dedicar-se mais a s\u00e9rio a Alita 2, um filme muito desejado pelos maiores f\u00e3s do filme que est\u00e1 atualmente dispon\u00edvel.<\/p>\n<p>Alita \u00e9 a adapta\u00e7\u00e3o live action da obra Battle Angel Alita (conhecida no Jap\u00e3o como GUNNM), criada pelo japon\u00eas Yukito Kishiro que a viu publicada na Business Jump, entre 1990 e 1995.<\/p>\n","protected":false},"excerpt":{"rendered":"Desde 2019 que os f\u00e3s do filme Alita questionam se James Cameron tem planos para apresentar o segundo&hellip;\n","protected":false},"author":2,"featured_media":155943,"comment_status":"","ping_status":"","sticky":false,"template":"","format":"standard","meta":{"footnotes":""},"categories":[140],"tags":[114,115,147,148,146,32,33],"class_list":{"0":"post-155942","1":"post","2":"type-post","3":"status-publish","4":"format-standard","5":"has-post-thumbnail","7":"category-filmes","8":"tag-entertainment","9":"tag-entretenimento","10":"tag-film","11":"tag-filmes","12":"tag-movies","13":"tag-portugal","14":"tag-pt"},"share_on_mastodon":{"url":"https:\/\/pubeurope.com\/@pt\/115568117322973348","error":""},"_links":{"self":[{"href":"https:\/\/www.europesays.com\/pt\/wp-json\/wp\/v2\/posts\/155942","targetHints":{"allow":["GET"]}}],"collection":[{"href":"https:\/\/www.europesays.com\/pt\/wp-json\/wp\/v2\/posts"}],"about":[{"href":"https:\/\/www.europesays.com\/pt\/wp-json\/wp\/v2\/types\/post"}],"author":[{"embeddable":true,"href":"https:\/\/www.europesays.com\/pt\/wp-json\/wp\/v2\/users\/2"}],"replies":[{"embeddable":true,"href":"https:\/\/www.europesays.com\/pt\/wp-json\/wp\/v2\/comments?post=155942"}],"version-history":[{"count":0,"href":"https:\/\/www.europesays.com\/pt\/wp-json\/wp\/v2\/posts\/155942\/revisions"}],"wp:featuredmedia":[{"embeddable":true,"href":"https:\/\/www.europesays.com\/pt\/wp-json\/wp\/v2\/media\/155943"}],"wp:attachment":[{"href":"https:\/\/www.europesays.com\/pt\/wp-json\/wp\/v2\/media?parent=155942"}],"wp:term":[{"taxonomy":"category","embeddable":true,"href":"https:\/\/www.europesays.com\/pt\/wp-json\/wp\/v2\/categories?post=155942"},{"taxonomy":"post_tag","embeddable":true,"href":"https:\/\/www.europesays.com\/pt\/wp-json\/wp\/v2\/tags?post=155942"}],"curies":[{"name":"wp","href":"https:\/\/api.w.org\/{rel}","templated":true}]}}