{"id":155950,"date":"2025-11-18T01:42:10","date_gmt":"2025-11-18T01:42:10","guid":{"rendered":"https:\/\/www.europesays.com\/pt\/155950\/"},"modified":"2025-11-18T01:42:10","modified_gmt":"2025-11-18T01:42:10","slug":"brasileiros-invadem-oscar-com-likes-em-foto-de-wagner-moura","status":"publish","type":"post","link":"https:\/\/www.europesays.com\/pt\/155950\/","title":{"rendered":"Brasileiros invadem Oscar com likes em foto de Wagner Moura"},"content":{"rendered":"<p class=\"texto\">Milhares de brasileiros invadiram as redes sociais da Academia, respons\u00e1vel pelo <a href=\"https:\/\/www.correiobraziliense.com.br\/diversao-e-arte\/2025\/11\/7292512-o-agente-secreto-wagner-moura-e-a-principal-aposta-para-o-oscar.html\" target=\"_blank\" rel=\"nofollow noopener\">Oscar<\/a>, para apoiar a nova aposta do Brasil para a premia\u00e7\u00e3o do cinema mundial: Wagner Moura e o filme O Agente Secreto. Nesta segunda-feira (17\/11), o perfil publicou fotos dos artistas presentes no 16\u00ba\u00a0Governors Awards e o brasileiro desponta com quase 100 mil curtidas.<\/p>\n<p class=\"texto\">O engajamento de Wagner moura supera nomes de peso da atualidade, como\u00a0Anya Taylor-Joy,\u00a0Michael B. Jordan e\u00a0Jacob Elordi.\u00a0A diferen\u00e7a \u00e9 not\u00e1vel em rela\u00e7\u00e3o \u00e0s outras postagens. A segunda foto mais curtida, o Mason Thames, conta com 40 mil toques.\u00a0<\/p>\n<p class=\"texto\">O carinho dos brasileiros n\u00e3o se restringiu a uma \u00fanica postagem. N\u00e3o contentes em apenas enaltecer o ator na foto, internautas lotaram os coment\u00e1rios de todas as publica\u00e7\u00f5es com mensagens de carinho e men\u00e7\u00f5es a Wagner Moura.\u00a0<\/p>\n<p class=\"texto\">\n<blockquote style=\"background: #FFF; border: 0; border-radius: 3px; box-shadow: 0 0 1px 0 rgba(0,0,0,0.5),0 1px 10px 0 rgba(0,0,0,0.15); margin: 1px; max-width: 540px; min-width: 326px; padding: 0; width: calc(100% - 2px);\" class=\" instagram-media-registered\" id=\"instagram-media-payload-0\" data-instgrm-captioned=\"\" data-instgrm-permalink=\"https:\/\/www.instagram.com\/p\/DRKp-qwDG73\/?utm_source=ig_embed&amp;utm_campaign=loading\" data-instgrm-version=\"14\"><p>&#13;<br \/>\n&#13;\n<\/p><\/blockquote>\n<p class=\"texto\"><strong><a href=\"https:\/\/whatsapp.com\/channel\/0029VaB1U9a002T64ex1Sy2w\" rel=\"nofollow noopener\" target=\"_blank\">Siga o canal do Correio no WhatsApp e receba as principais not\u00edcias do dia no seu celular<\/a><\/strong><\/p>\n<p class=\"texto\">O artista esteve presente na 16\u00aa edi\u00e7\u00e3o do\u00a0Governors Awards, que\u00a0ocorreu na noite de domingo (16\/11), em Los Angeles.\u00a0<\/p>\n<ul>\n<li><a href=\"https:\/\/wa.me\/?text=Brasileiros+%22invadem%22+conta+do+Oscar+com+likes+em+foto+de+Wagner+Moura%20https:\/\/www.correiobraziliense.com.br\/diversao-e-arte\/2025\/11\/7294378-brasileiros-invadem-oscar-com-likes-em-foto-de-wagner-moura.html\" target=\"_blank\" title=\"Whatsapp\" aria-label=\"WhatsApp\" rel=\"nofollow noopener\"><\/a><\/li>\n<li><a href=\"https:\/\/www.facebook.com\/sharer.php?u=https:\/\/www.correiobraziliense.com.br%2Fdiversao-e-arte%2F2025%2F11%2F7294378-brasileiros-invadem-oscar-com-likes-em-foto-de-wagner-moura.html&amp;text=Brasileiros+%22invadem%22+conta+do+Oscar+com+likes+em+foto+de+Wagner+Moura\" target=\"_blank\" title=\"Facebook\" aria-label=\"Facebook\" rel=\"nofollow noopener\"><\/a><\/li>\n<li><a href=\"https:\/\/twitter.com\/intent\/tweet?url=https:\/\/www.correiobraziliense.com.br%2Fdiversao-e-arte%2F2025%2F11%2F7294378-brasileiros-invadem-oscar-com-likes-em-foto-de-wagner-moura.html&amp;text=Brasileiros+%22invadem%22+conta+do+Oscar+com+likes+em+foto+de+Wagner+Moura\" target=\"_blank\" title=\"Twitter\" aria-label=\"Twitter\" rel=\"nofollow noopener\"><\/a><\/li>\n<li><a href=\"https:\/\/profile.google.com\/cp\/CgovbS8wNzZ0dms1\" title=\"Google Discover\" target=\"_blank\" aria-label=\"Google Discover\" rel=\"nofollow noopener\"><img decoding=\"async\" src=\"https:\/\/www.europesays.com\/pt\/wp-content\/uploads\/2025\/11\/1762975755_52_google-discover-icon.png\" style=\"height: 25px; margin: 0 !important; margin-left: 3px;\" alt=\"Google Discover Icon\"\/><\/a><\/li>\n<\/ul>\n<p>              <a href=\"https:\/\/www.correiobraziliense.com.br\/autor\/gabriella-braz\/page\/1\/\" style=\"height: 100%;\" rel=\"nofollow noopener\" target=\"_blank\"><img decoding=\"async\" class=\"hidden-print author-circle d-block h6 mt-0 mb-0 mr-6 text-center\" src=\"https:\/\/www.europesays.com\/pt\/wp-content\/uploads\/2025\/07\/whatsapp_image_2023_10_10_at_19_18_18-30054727.jpeg\" alt=\"\" width=\"40\" height=\"40\" loading=\"lazy\" style=\"object-fit:cover; width: 40px; height: 40px; margin-right:10px;\"\/><\/a><a href=\"https:\/\/www.correiobraziliense.com.br\/autor\/gabriella-braz\/page\/1\/\" rel=\"nofollow noopener\" target=\"_blank\"><img decoding=\"async\" class=\"hidden-print author-circle d-block h6 mt-0 mb-0 mr-6 text-center\" src=\"https:\/\/www.europesays.com\/pt\/wp-content\/uploads\/2025\/07\/whatsapp_image_2023_10_10_at_19_18_18-30054727.jpeg\" alt=\"\" width=\"40\" height=\"40\" loading=\"lazy\" style=\"object-fit:cover; width: 40px; height: 40px; margin-right:10px;\"\/><\/a>Gabriella Braz  <strong class=\"entryStrongAuthor\">Rep\u00f3rter<\/strong><\/p>\n<p class=\"entryDescricaoAuthor\">Jornalista pela UnB, piauiense residente no DF, escritora e entusiasta de temas relacionados \u00e0 educa\u00e7\u00e3o e meio ambiente. Tem passagens pelo EuEstudante, assessorias e pela Empresa Brasil de Comunica\u00e7\u00e3o (EBC).<\/p>\n<p>                          <script async src=\"https:\/\/platform.twitter.com\/widgets.js\" charset=\"utf-8\"><\/script><script async src=\"\/\/www.instagram.com\/embed.js\"><\/script><\/p>\n","protected":false},"excerpt":{"rendered":"Milhares de brasileiros invadiram as redes sociais da Academia, respons\u00e1vel pelo Oscar, para apoiar a nova aposta do&hellip;\n","protected":false},"author":2,"featured_media":155951,"comment_status":"","ping_status":"","sticky":false,"template":"","format":"standard","meta":{"footnotes":""},"categories":[145],"tags":[211,210,470,114,115,1409,32,33],"class_list":{"0":"post-155950","1":"post","2":"type-post","3":"status-publish","4":"format-standard","5":"has-post-thumbnail","7":"category-celebridades","8":"tag-celebridades","9":"tag-celebrities","10":"tag-cinema","11":"tag-entertainment","12":"tag-entretenimento","13":"tag-oscar","14":"tag-portugal","15":"tag-pt"},"share_on_mastodon":{"url":"https:\/\/pubeurope.com\/@pt\/115568164630648469","error":""},"_links":{"self":[{"href":"https:\/\/www.europesays.com\/pt\/wp-json\/wp\/v2\/posts\/155950","targetHints":{"allow":["GET"]}}],"collection":[{"href":"https:\/\/www.europesays.com\/pt\/wp-json\/wp\/v2\/posts"}],"about":[{"href":"https:\/\/www.europesays.com\/pt\/wp-json\/wp\/v2\/types\/post"}],"author":[{"embeddable":true,"href":"https:\/\/www.europesays.com\/pt\/wp-json\/wp\/v2\/users\/2"}],"replies":[{"embeddable":true,"href":"https:\/\/www.europesays.com\/pt\/wp-json\/wp\/v2\/comments?post=155950"}],"version-history":[{"count":0,"href":"https:\/\/www.europesays.com\/pt\/wp-json\/wp\/v2\/posts\/155950\/revisions"}],"wp:featuredmedia":[{"embeddable":true,"href":"https:\/\/www.europesays.com\/pt\/wp-json\/wp\/v2\/media\/155951"}],"wp:attachment":[{"href":"https:\/\/www.europesays.com\/pt\/wp-json\/wp\/v2\/media?parent=155950"}],"wp:term":[{"taxonomy":"category","embeddable":true,"href":"https:\/\/www.europesays.com\/pt\/wp-json\/wp\/v2\/categories?post=155950"},{"taxonomy":"post_tag","embeddable":true,"href":"https:\/\/www.europesays.com\/pt\/wp-json\/wp\/v2\/tags?post=155950"}],"curies":[{"name":"wp","href":"https:\/\/api.w.org\/{rel}","templated":true}]}}