{"id":155952,"date":"2025-11-18T01:45:38","date_gmt":"2025-11-18T01:45:38","guid":{"rendered":"https:\/\/www.europesays.com\/pt\/155952\/"},"modified":"2025-11-18T01:45:38","modified_gmt":"2025-11-18T01:45:38","slug":"quando-estreia-o-4o-episodio-de-pluribus-nova-serie-do-criador-de-breaking-bad","status":"publish","type":"post","link":"https:\/\/www.europesays.com\/pt\/155952\/","title":{"rendered":"Quando estreia o 4\u00ba epis\u00f3dio de Pluribus, nova s\u00e9rie do criador de Breaking Bad?"},"content":{"rendered":"<p><a href=\"https:\/\/cinebuzz.com.br\/tags\/pluribus\" rel=\"nofollow noopener\" target=\"_blank\"><strong>Pluribus<\/strong><\/a>, novidade de <a href=\"https:\/\/cinebuzz.com.br\/tags\/vince-gilligan\" rel=\"nofollow noopener\" target=\"_blank\"><strong>Vince Gilligan<\/strong><\/a>, criador do sucesso <a href=\"https:\/\/cinebuzz.com.br\/tags\/breaking-bad\" rel=\"nofollow noopener\" target=\"_blank\"><strong>Breaking Bad<\/strong><\/a>, umas das s\u00e9ries de TV mais aclamadas da hist\u00f3ria, ganha novos epis\u00f3dios semanalmente. Mas quando estreia o quarto cap\u00edtulo do drama de fic\u00e7\u00e3o cient\u00edfica, que vem chamando a aten\u00e7\u00e3o desde o seu lan\u00e7amento?<\/p>\n<p>\t <strong>Qual \u00e9 a hist\u00f3ria de\u00a0Pluribus?<\/strong> <\/p>\n<p>Segundo a sinopse de <strong>Pluribus<\/strong>, \u201ca pessoa mais miser\u00e1vel da Terra precisa salvar o mundo da felicidade\u201d quando um v\u00edrus cria um novo normal em que apenas a escritora <strong>Carol<\/strong> (<a href=\"https:\/\/cinebuzz.com.br\/tags\/rhea-seehorn\" rel=\"nofollow noopener\" target=\"_blank\"><strong>Rhea Seehorn<\/strong><\/a>, Better Call Saul) e um punhado de pessoas, espalhadas pelo mundo, parecem ter sa\u00eddo ilesos.<\/p>\n<p>Al\u00e9m de <strong>Rhea Seehorn<\/strong>, o elenco de <strong>Pluribus<\/strong> ainda conta com <strong>Karolina Wydra<\/strong> (Viagem \u00e0 Lua de J\u00fapiter), <strong>Carlos-Manuel Vesga<\/strong> (Not\u00edcia de um Sequestro), <strong>Miriam Shor<\/strong> (Younger), <strong>Peter Bergman<\/strong> (The Young and the Restless), <strong>Karan Soni<\/strong> (Deadpool &amp; Wolverine) e <strong>Samba Schutte<\/strong> (Nossa Bandeira \u00e9 a Morte), entre outros.<\/p>\n<p> <strong>Quando estreia o pr\u00f3ximo epis\u00f3dio de Pluribus?<\/strong> <\/p>\n<p>Ao todo, a primeira temporada de\u00a0<strong>Pluribus<\/strong> ir\u00e1 contar com nove epis\u00f3dios, que ser\u00e3o lan\u00e7ados semanalmente no cat\u00e1logo do Apple TV. O quarto cap\u00edtulo estreia <strong>na pr\u00f3xima sexta-feira, dia 21 de novembro, a partir das 5h<\/strong> (pelo hor\u00e1rio de Bras\u00edlia). Assista ao trailer da novidade a seguir:<\/p>\n<p><strong>LEIA A MAT\u00c9RIA ORIGINAL EM:<\/strong> <a href=\"https:\/\/rollingstone.com.br\/entretenimento\/quando-estreia-o-4o-episodio-de-pluribus-nova-serie-do-criador-de-breaking-bad\/\" rel=\"nofollow noopener\" target=\"_blank\">Quando estreia o 4\u00ba epis\u00f3dio de Pluribus, nova s\u00e9rie do criador de Breaking Bad?<\/a><\/p>\n","protected":false},"excerpt":{"rendered":"Pluribus, novidade de Vince Gilligan, criador do sucesso Breaking Bad, umas das s\u00e9ries de TV mais aclamadas da&hellip;\n","protected":false},"author":2,"featured_media":155953,"comment_status":"","ping_status":"","sticky":false,"template":"","format":"standard","meta":{"footnotes":""},"categories":[142],"tags":[114,115,32005,32,33,32006,151,32008],"class_list":{"0":"post-155952","1":"post","2":"type-post","3":"status-publish","4":"format-standard","5":"has-post-thumbnail","7":"category-tv","8":"tag-entertainment","9":"tag-entretenimento","10":"tag-pluribus","11":"tag-portugal","12":"tag-pt","13":"tag-rhea-seehorn","14":"tag-tv","15":"tag-vince-gilligan"},"share_on_mastodon":{"url":"https:\/\/pubeurope.com\/@pt\/115568176214332074","error":""},"_links":{"self":[{"href":"https:\/\/www.europesays.com\/pt\/wp-json\/wp\/v2\/posts\/155952","targetHints":{"allow":["GET"]}}],"collection":[{"href":"https:\/\/www.europesays.com\/pt\/wp-json\/wp\/v2\/posts"}],"about":[{"href":"https:\/\/www.europesays.com\/pt\/wp-json\/wp\/v2\/types\/post"}],"author":[{"embeddable":true,"href":"https:\/\/www.europesays.com\/pt\/wp-json\/wp\/v2\/users\/2"}],"replies":[{"embeddable":true,"href":"https:\/\/www.europesays.com\/pt\/wp-json\/wp\/v2\/comments?post=155952"}],"version-history":[{"count":0,"href":"https:\/\/www.europesays.com\/pt\/wp-json\/wp\/v2\/posts\/155952\/revisions"}],"wp:featuredmedia":[{"embeddable":true,"href":"https:\/\/www.europesays.com\/pt\/wp-json\/wp\/v2\/media\/155953"}],"wp:attachment":[{"href":"https:\/\/www.europesays.com\/pt\/wp-json\/wp\/v2\/media?parent=155952"}],"wp:term":[{"taxonomy":"category","embeddable":true,"href":"https:\/\/www.europesays.com\/pt\/wp-json\/wp\/v2\/categories?post=155952"},{"taxonomy":"post_tag","embeddable":true,"href":"https:\/\/www.europesays.com\/pt\/wp-json\/wp\/v2\/tags?post=155952"}],"curies":[{"name":"wp","href":"https:\/\/api.w.org\/{rel}","templated":true}]}}