{"id":155954,"date":"2025-11-18T01:47:16","date_gmt":"2025-11-18T01:47:16","guid":{"rendered":"https:\/\/www.europesays.com\/pt\/155954\/"},"modified":"2025-11-18T01:47:16","modified_gmt":"2025-11-18T01:47:16","slug":"o-suspense-policial-polemico-e-viciante-que-alcancou-top-1-na-netflix","status":"publish","type":"post","link":"https:\/\/www.europesays.com\/pt\/155954\/","title":{"rendered":"O suspense policial pol\u00eamico e viciante que alcan\u00e7ou Top 1 na Netflix"},"content":{"rendered":"<p>\u2018Os Pequenos Vest\u00edgios\u2019 \u00e9 o filme mais assistido da Netflix atualmente &#8211; Foto: Divulga\u00e7\u00e3o<\/p>\n<p>O top 1 da <a href=\"https:\/\/atarde.com.br\/?q=Netflix&amp;d=1\" target=\"_blank\" data-rel-defined=\"\" rel=\"nofollow noopener\">Netflix <\/a>\u00e9 do suspense policial \u2018Os Pequenos Vest\u00edgios\u2019, de John Lee Hancock (\u2018Fome de Poder\u2019). O filme estreou em janeiro de 2021 nos cinemas e na HBO Max, simultaneamente.<\/p>\n<p>O longa \u00e9 o mais assistido da Netflix no Brasil no momento e isso reacendeu o debate sobre seu desfecho amb\u00edguo e pol\u00eamico. Com elenco estelar, incluindo Denzel Washington, Rami Malek e Jared Leto, a obra tem cr\u00edticas focadas na insatisfa\u00e7\u00e3o com o final.<\/p>\n<p>Tudo sobre <strong class=\"atr-ctaWhatsApp-strong\">Cineinsite<\/strong> em primeira m\u00e3o!<\/p>\n<p>Qual a hist\u00f3ria de Os Pequenos Vest\u00edgios?<\/p>\n<p>A trama \u00e9 ambientada na d\u00e9cada de 1990, na cidade de Los Angeles, na Calif\u00f3rnia, Estados Unidos, e acompanha os detetives Joe \u201cDeke\u201d Deacon e Jim Baxter na ca\u00e7a a um serial killer que aterroriza mulheres. Deke, um investigador traumatizado por um caso n\u00e3o resolvido do passado, v\u00ea em Baxter um reflexo de sua antiga obsess\u00e3o.<\/p>\n<p>Na hist\u00f3ria, o suspeito Albert Sparma surge como figura central. Ele \u00e9 um homem de comportamento exc\u00eantrico e conhecimento perturbador sobre os crimes. A trama se intensifica quando Sparma leva Baxter a um descampado, prometendo revelar o local onde enterrou uma das v\u00edtimas. Durante a escava\u00e7\u00e3o fren\u00e9tica, Baxter, provocado por Sparma, o golpeia fatalmente com uma p\u00e1.<\/p>\n<p>Assista ao trailer de Os Pequenos Vest\u00edgios:<\/p>\n","protected":false},"excerpt":{"rendered":"\u2018Os Pequenos Vest\u00edgios\u2019 \u00e9 o filme mais assistido da Netflix atualmente &#8211; Foto: Divulga\u00e7\u00e3o O top 1 da&hellip;\n","protected":false},"author":2,"featured_media":155955,"comment_status":"","ping_status":"","sticky":false,"template":"","format":"standard","meta":{"footnotes":""},"categories":[140],"tags":[33510,114,115,147,33511,148,146,33512,33513,33514,33515,33516,32,33],"class_list":{"0":"post-155954","1":"post","2":"type-post","3":"status-publish","4":"format-standard","5":"has-post-thumbnail","7":"category-filmes","8":"tag-denzel-washington-netflix","9":"tag-entertainment","10":"tag-entretenimento","11":"tag-film","12":"tag-filme-top-1-netflix","13":"tag-filmes","14":"tag-movies","15":"tag-o-que-aconteceu-no-final-de-os-pequenos-vestgios","16":"tag-o-que-assistir-na-netflix","17":"tag-os-pequenos-vestgios-final","18":"tag-os-pequenos-vestgios-histria","19":"tag-os-pequenos-vestgios-netflix","20":"tag-portugal","21":"tag-pt"},"share_on_mastodon":{"url":"https:\/\/pubeurope.com\/@pt\/115568184376307759","error":""},"_links":{"self":[{"href":"https:\/\/www.europesays.com\/pt\/wp-json\/wp\/v2\/posts\/155954","targetHints":{"allow":["GET"]}}],"collection":[{"href":"https:\/\/www.europesays.com\/pt\/wp-json\/wp\/v2\/posts"}],"about":[{"href":"https:\/\/www.europesays.com\/pt\/wp-json\/wp\/v2\/types\/post"}],"author":[{"embeddable":true,"href":"https:\/\/www.europesays.com\/pt\/wp-json\/wp\/v2\/users\/2"}],"replies":[{"embeddable":true,"href":"https:\/\/www.europesays.com\/pt\/wp-json\/wp\/v2\/comments?post=155954"}],"version-history":[{"count":0,"href":"https:\/\/www.europesays.com\/pt\/wp-json\/wp\/v2\/posts\/155954\/revisions"}],"wp:featuredmedia":[{"embeddable":true,"href":"https:\/\/www.europesays.com\/pt\/wp-json\/wp\/v2\/media\/155955"}],"wp:attachment":[{"href":"https:\/\/www.europesays.com\/pt\/wp-json\/wp\/v2\/media?parent=155954"}],"wp:term":[{"taxonomy":"category","embeddable":true,"href":"https:\/\/www.europesays.com\/pt\/wp-json\/wp\/v2\/categories?post=155954"},{"taxonomy":"post_tag","embeddable":true,"href":"https:\/\/www.europesays.com\/pt\/wp-json\/wp\/v2\/tags?post=155954"}],"curies":[{"name":"wp","href":"https:\/\/api.w.org\/{rel}","templated":true}]}}