{"id":155956,"date":"2025-11-18T01:48:20","date_gmt":"2025-11-18T01:48:20","guid":{"rendered":"https:\/\/www.europesays.com\/pt\/155956\/"},"modified":"2025-11-18T01:48:20","modified_gmt":"2025-11-18T01:48:20","slug":"video-alemanha-sela-apuramento-para-o-mundial-com-goleada-das-antigas","status":"publish","type":"post","link":"https:\/\/www.europesays.com\/pt\/155956\/","title":{"rendered":"V\u00cdDEO: Alemanha sela apuramento para o Mundial com goleada das antigas"},"content":{"rendered":"<p style=\"margin-bottom:11px\">A Alemanha confirmou o apuramento para a fase final do Mundial 2026 <a href=\"https:\/\/maisfutebol.iol.pt\/jogo\/alemanha\/eslovaquia\/13820833\" target=\"_blank\" rel=\"nofollow noopener\">com uma goleada por 6-0 frente \u00e0 Eslov\u00e1quia<\/a>, desfecho surpreendente pelo volume do resultado num duelo entre sele\u00e7\u00f5es que entraram na \u00faltima jornada do Grupo A com o mesmo n\u00famero de pontos.<\/p>\n<p>O jogo ficou decidido logo na primeira parte, que fechou com uma vantagem de quatro golos dos germ\u00e2nicos, marcaram Nick Woltemade, Serge Gnabry e Leroy San\u00e9, que bisou a passe de Florian Wirtz.<\/p>\n<blockquote class=\"twitter-tweet\" data-media-max-width=\"560\">\n<p lang=\"pt\">Se tem jogo da Alemanha, tem golo de Waltemade \u270d\ufe0f<a href=\"https:\/\/twitter.com\/hashtag\/sporttvportugal?src=hash&amp;ref_src=twsrc%5Etfw\" rel=\"nofollow noopener\" target=\"_blank\">#sporttvportugal<\/a> <a href=\"https:\/\/twitter.com\/hashtag\/QUALIFIERSnaSPORTTV?src=hash&amp;ref_src=twsrc%5Etfw\" rel=\"nofollow noopener\" target=\"_blank\">#QUALIFIERSnaSPORTTV<\/a> <a href=\"https:\/\/twitter.com\/hashtag\/Qualifica%C3%A7%C3%A3oMundial?src=hash&amp;ref_src=twsrc%5Etfw\" rel=\"nofollow noopener\" target=\"_blank\">#Qualifica\u00e7\u00e3oMundial<\/a> <a href=\"https:\/\/twitter.com\/hashtag\/Alemanha?src=hash&amp;ref_src=twsrc%5Etfw\" rel=\"nofollow noopener\" target=\"_blank\">#Alemanha<\/a> <a href=\"https:\/\/twitter.com\/hashtag\/Eslov%C3%A1quia?src=hash&amp;ref_src=twsrc%5Etfw\" rel=\"nofollow noopener\" target=\"_blank\">#Eslov\u00e1quia<\/a> <a href=\"https:\/\/t.co\/O1BJwEp3CG\" rel=\"nofollow\">pic.twitter.com\/O1BJwEp3CG<\/a><\/p>\n<p> \u2014 sport tv (@sporttvportugal)<br \/>\n  <a href=\"https:\/\/twitter.com\/sporttvportugal\/status\/1990516116213445009?ref_src=twsrc%5Etfw\" rel=\"nofollow noopener\" target=\"_blank\">November 17, 2025<\/a>\n <\/p><\/blockquote>\n<blockquote class=\"twitter-tweet\" data-media-max-width=\"560\">\n<p lang=\"pt\">Tudo bem feito pela Alemanha \ud83e\udd24<a href=\"https:\/\/twitter.com\/hashtag\/sporttvportugal?src=hash&amp;ref_src=twsrc%5Etfw\" rel=\"nofollow noopener\" target=\"_blank\">#sporttvportugal<\/a> <a href=\"https:\/\/twitter.com\/hashtag\/QUALIFIERSnaSPORTTV?src=hash&amp;ref_src=twsrc%5Etfw\" rel=\"nofollow noopener\" target=\"_blank\">#QUALIFIERSnaSPORTTV<\/a> <a href=\"https:\/\/twitter.com\/hashtag\/Qualifica%C3%A7%C3%A3oMundial?src=hash&amp;ref_src=twsrc%5Etfw\" rel=\"nofollow noopener\" target=\"_blank\">#Qualifica\u00e7\u00e3oMundial<\/a> <a href=\"https:\/\/twitter.com\/hashtag\/Alemanha?src=hash&amp;ref_src=twsrc%5Etfw\" rel=\"nofollow noopener\" target=\"_blank\">#Alemanha<\/a> <a href=\"https:\/\/twitter.com\/hashtag\/Eslov%C3%A1quia?src=hash&amp;ref_src=twsrc%5Etfw\" rel=\"nofollow noopener\" target=\"_blank\">#Eslov\u00e1quia<\/a> <a href=\"https:\/\/t.co\/6wbxcJm7hr\" rel=\"nofollow\">pic.twitter.com\/6wbxcJm7hr<\/a><\/p>\n<p> \u2014 sport tv (@sporttvportugal)<br \/>\n  <a href=\"https:\/\/twitter.com\/sporttvportugal\/status\/1990518772264738919?ref_src=twsrc%5Etfw\" rel=\"nofollow noopener\" target=\"_blank\">November 17, 2025<\/a>\n <\/p><\/blockquote>\n<blockquote class=\"twitter-tweet\" data-media-max-width=\"560\">\n<p lang=\"pt\">Wirtz colocou olhos na bola \ud83d\udc40<a href=\"https:\/\/twitter.com\/hashtag\/sporttvportugal?src=hash&amp;ref_src=twsrc%5Etfw\" rel=\"nofollow noopener\" target=\"_blank\">#sporttvportugal<\/a> <a href=\"https:\/\/twitter.com\/hashtag\/QUALIFIERSnaSPORTTV?src=hash&amp;ref_src=twsrc%5Etfw\" rel=\"nofollow noopener\" target=\"_blank\">#QUALIFIERSnaSPORTTV<\/a> <a href=\"https:\/\/twitter.com\/hashtag\/Qualifica%C3%A7%C3%A3oMundial?src=hash&amp;ref_src=twsrc%5Etfw\" rel=\"nofollow noopener\" target=\"_blank\">#Qualifica\u00e7\u00e3oMundial<\/a> <a href=\"https:\/\/twitter.com\/hashtag\/Alemanha?src=hash&amp;ref_src=twsrc%5Etfw\" rel=\"nofollow noopener\" target=\"_blank\">#Alemanha<\/a> <a href=\"https:\/\/twitter.com\/hashtag\/Eslov%C3%A1quia?src=hash&amp;ref_src=twsrc%5Etfw\" rel=\"nofollow noopener\" target=\"_blank\">#Eslov\u00e1quia<\/a> <a href=\"https:\/\/t.co\/ODWzLXYD4W\" rel=\"nofollow\">pic.twitter.com\/ODWzLXYD4W<\/a><\/p>\n<p> \u2014 sport tv (@sporttvportugal)<br \/>\n  <a href=\"https:\/\/twitter.com\/sporttvportugal\/status\/1990519458457112664?ref_src=twsrc%5Etfw\" rel=\"nofollow noopener\" target=\"_blank\">November 17, 2025<\/a>\n <\/p><\/blockquote>\n<blockquote class=\"twitter-tweet\" data-media-max-width=\"560\">\n<p lang=\"pt\">\u00c9 oficial, Wirtz joga com o comando nas m\u00e3os \ud83c\udfae<a href=\"https:\/\/twitter.com\/hashtag\/sporttvportugal?src=hash&amp;ref_src=twsrc%5Etfw\" rel=\"nofollow noopener\" target=\"_blank\">#sporttvportugal<\/a> <a href=\"https:\/\/twitter.com\/hashtag\/QUALIFIERSnaSPORTTV?src=hash&amp;ref_src=twsrc%5Etfw\" rel=\"nofollow noopener\" target=\"_blank\">#QUALIFIERSnaSPORTTV<\/a> <a href=\"https:\/\/twitter.com\/hashtag\/Qualifica%C3%A7%C3%A3oMundial?src=hash&amp;ref_src=twsrc%5Etfw\" rel=\"nofollow noopener\" target=\"_blank\">#Qualifica\u00e7\u00e3oMundial<\/a> <a href=\"https:\/\/twitter.com\/hashtag\/Alemanha?src=hash&amp;ref_src=twsrc%5Etfw\" rel=\"nofollow noopener\" target=\"_blank\">#Alemanha<\/a> <a href=\"https:\/\/twitter.com\/hashtag\/Eslov%C3%A1quia?src=hash&amp;ref_src=twsrc%5Etfw\" rel=\"nofollow noopener\" target=\"_blank\">#Eslov\u00e1quia<\/a> <a href=\"https:\/\/t.co\/5Yp0DPrR6u\" rel=\"nofollow\">pic.twitter.com\/5Yp0DPrR6u<\/a><\/p>\n<p> \u2014 sport tv (@sporttvportugal)<br \/>\n  <a href=\"https:\/\/twitter.com\/sporttvportugal\/status\/1990521561212674221?ref_src=twsrc%5Etfw\" rel=\"nofollow noopener\" target=\"_blank\">November 17, 2025<\/a>\n <\/p><\/blockquote>\n<p>Na segunda parte, Baku e o estreante Assan Ouedraogo, jogadores do Leipzig, cidade onde se realizou o encontro, saltaram do banco para completarem o resultado.<\/p>\n<p>A Alemanha conquistou o Grupo A da fase europeia de apuramento para o Mundial, com 15 pontos, e marca presen\u00e7a numa fase final pela 21.\u00aa vez. J\u00e1 a\u00a0Eslov\u00e1quia ficou-se pelos 12 pontos, seguindo para o play-off.<\/p>\n<p>No outro jogo do grupo, <a href=\"https:\/\/maisfutebol.iol.pt\/jogo\/irlanda-do-norte\/luxemburgo\/13820837\" target=\"_blank\" rel=\"nofollow noopener\">a Irlanda do Norte venceu o Luxemburgo por 1-0<\/a>, prevaleceu o golo de Jamie Donley, de pen\u00e1lti, em cima do intervalo. Nos luxemburgueses, Leandro Barreiro e Tom\u00e1s Cruz, jogadores do Benfica, foram utilizados.<\/p>\n<p>Os brit\u00e2nicos terminam a s\u00e9rie na terceira posi\u00e7\u00e3o, com nove pontos, enquanto o Luxemburgo ficou no \u00faltimo lugar, sem nenhum ponto somado.<\/p>\n<p>                                <script async src=\"https:\/\/platform.twitter.com\/widgets.js\" charset=\"utf-8\"><\/script><\/p>\n","protected":false},"excerpt":{"rendered":"A Alemanha confirmou o apuramento para a fase final do Mundial 2026 com uma goleada por 6-0 frente&hellip;\n","protected":false},"author":2,"featured_media":155957,"comment_status":"","ping_status":"","sticky":false,"template":"","format":"standard","meta":{"footnotes":""},"categories":[87],"tags":[1305,135,12225,524,82,15373,5433,6984,1356,46,12632,32,33,47,5434,5920,134],"class_list":{"0":"post-155956","1":"post","2":"type-post","3":"status-publish","4":"format-standard","5":"has-post-thumbnail","7":"category-desporto","8":"tag-alemanha","9":"tag-desporto","10":"tag-eslovaquia","11":"tag-futebol","12":"tag-internacional","13":"tag-irlanda-do-norte","14":"tag-jogos-hoje","15":"tag-luxemburgo","16":"tag-mais-futebol","17":"tag-maisfutebol","18":"tag-mundial-2026","19":"tag-portugal","20":"tag-pt","21":"tag-pura-paixao","22":"tag-resultados-hoje","23":"tag-resultados-maisfutebol","24":"tag-sports"},"share_on_mastodon":{"url":"https:\/\/pubeurope.com\/@pt\/115568188433177388","error":""},"_links":{"self":[{"href":"https:\/\/www.europesays.com\/pt\/wp-json\/wp\/v2\/posts\/155956","targetHints":{"allow":["GET"]}}],"collection":[{"href":"https:\/\/www.europesays.com\/pt\/wp-json\/wp\/v2\/posts"}],"about":[{"href":"https:\/\/www.europesays.com\/pt\/wp-json\/wp\/v2\/types\/post"}],"author":[{"embeddable":true,"href":"https:\/\/www.europesays.com\/pt\/wp-json\/wp\/v2\/users\/2"}],"replies":[{"embeddable":true,"href":"https:\/\/www.europesays.com\/pt\/wp-json\/wp\/v2\/comments?post=155956"}],"version-history":[{"count":0,"href":"https:\/\/www.europesays.com\/pt\/wp-json\/wp\/v2\/posts\/155956\/revisions"}],"wp:featuredmedia":[{"embeddable":true,"href":"https:\/\/www.europesays.com\/pt\/wp-json\/wp\/v2\/media\/155957"}],"wp:attachment":[{"href":"https:\/\/www.europesays.com\/pt\/wp-json\/wp\/v2\/media?parent=155956"}],"wp:term":[{"taxonomy":"category","embeddable":true,"href":"https:\/\/www.europesays.com\/pt\/wp-json\/wp\/v2\/categories?post=155956"},{"taxonomy":"post_tag","embeddable":true,"href":"https:\/\/www.europesays.com\/pt\/wp-json\/wp\/v2\/tags?post=155956"}],"curies":[{"name":"wp","href":"https:\/\/api.w.org\/{rel}","templated":true}]}}