{"id":155958,"date":"2025-11-18T01:49:14","date_gmt":"2025-11-18T01:49:14","guid":{"rendered":"https:\/\/www.europesays.com\/pt\/155958\/"},"modified":"2025-11-18T01:49:14","modified_gmt":"2025-11-18T01:49:14","slug":"saude-de-vitoria-intensifica-acoes-de-combate-a-dengue-neste-mes-de-novembro-prefeitura-de-vitoria","status":"publish","type":"post","link":"https:\/\/www.europesays.com\/pt\/155958\/","title":{"rendered":"Sa\u00fade de Vit\u00f3ria intensifica a\u00e7\u00f5es de combate \u00e0 dengue neste m\u00eas de novembro \u2013 Prefeitura de Vit\u00f3ria"},"content":{"rendered":"<p>                      Sa\u00fade de Vit\u00f3ria intensifica a\u00e7\u00f5es de combate \u00e0 dengue neste m\u00eas de novembro<\/p>\n<p class=\"data-publicacao\">\n                        Publicada em 17\/11\/2025, \u00e0s 16h20 | Atualizada em 17\/11\/2025, \u00e0s 16h23\n                      <\/p>\n<p class=\"autoria\">\n                        Por Giovana Rebuli Santos (<a href=\"https:\/\/www.vitoria.es.gov.br\/noticia\/mailto:girsantoseirah064+pref.vitoria.es.gov.br\" rel=\"nofollow noopener\" target=\"_blank\">girsantoseira$4h064+pref.vitoria.es.gov.br<\/a>), com edi\u00e7\u00e3o de Andreza Lopes\n                      <\/p>\n<p class=\"colaboradores\">\n                        Com a colabora\u00e7\u00e3o de Thyago Oliveira\n                      <\/p>\n<p>\n                        Elizabeth Nader\n                      <\/p>\n<p>                        <a href=\"https:\/\/www.vitoria.es.gov.br\/recursos\/imagens\/banco\/2023\/02\/25\/110634\/ampliada@2x.jpg\" title=\"Mutir\u00e3o contra a dengue na regi\u00e3o de S\u00e3o Pedro\" class=\"lightbox cboxElement\" rel=\"nofollow noopener\" target=\"_blank\"><img loading=\"lazy\" decoding=\"async\" src=\"https:\/\/www.europesays.com\/pt\/wp-content\/uploads\/2025\/11\/1763430554_411_normal@2x.jpg\" width=\"700\" height=\"467\" alt=\"Mutir\u00e3o contra a dengue na regi\u00e3o de S\u00e3o Pedro\" class=\"img-rounded img-responsive sombreado\"\/><\/a><\/p>\n<p>\n                      O m\u00eas de novembro contar\u00e1 com uma s\u00e9rie de a\u00e7\u00f5es de combate ao mosquito Aedes aegypti em Vit\u00f3ria. O objetivo \u00e9 intensificar as medidas de preven\u00e7\u00e3o e promover a conscientiza\u00e7\u00e3o da popula\u00e7\u00e3o sobre a transmiss\u00e3o dos v\u00edrus da dengue, chikungunya e o Zika V\u00edrus. As atividades fazem parte do projeto &#8216;Mobiliza\u00e7\u00e3o Vit\u00f3ria Sem Dengue&#8217;.\n                    <\/p>\n<p>\n                      Nesta quarta-feira (19), a partir das 8h30, os alunos do Cmei Cida Barreto, em Jardim da Penha, participar\u00e3o de uma a\u00e7\u00e3o educativa com gincanas, exposi\u00e7\u00e3o de maquete, confec\u00e7\u00e3o de cartazes e vistoria da Patrulha da Dengue. A atividade contar\u00e1 ainda com a presen\u00e7a de uma pessoa caracterizada como mosquito. A a\u00e7\u00e3o \u00e9 realizada pela equipe da Educa\u00e7\u00e3o em Sa\u00fade Ambiental, atrav\u00e9s do Centro de Vigil\u00e2ncia em Sa\u00fade Ambiental (CVSA).\n                    <\/p>\n<p>\n                      J\u00e1 na \u00faltima quarta-feira do m\u00eas (26), a partir das 8h, ser\u00e1 realizada uma mobiliza\u00e7\u00e3o, em parceria com a Central de Servi\u00e7os, para promover a limpeza das ruas do bairro Grande Vit\u00f3ria. Os Agentes de Combate \u00e0s Endemias (ACE) estar\u00e3o realizando visitas domiciliares em busca de poss\u00edveis criadouros do mosquito, executando a elimina\u00e7\u00e3o e o tratamento quando necess\u00e1rio, al\u00e9m de realizar a educa\u00e7\u00e3o e orienta\u00e7\u00e3o aos moradores. As crian\u00e7as da regi\u00e3o tamb\u00e9m participar\u00e3o da mobiliza\u00e7\u00e3o com uma caminhada educativa alertando a para o tema.\n                    <\/p>\n<p>                      Servi\u00e7os oferecidos<\/p>\n<p>\n                      Durante todo o ano, a Prefeitura de Vit\u00f3ria realiza uma s\u00e9rie de a\u00e7\u00f5es voltadas ao combate do mosquito Aedes aegypti como orienta\u00e7\u00f5es e abordagens educativas em feiras e parques municipais, mutir\u00f5es para retirada de entulhos e orienta\u00e7\u00f5es sobre descarte correto de lixo, monitoramento peri\u00f3dico de centenas de bueiros e charcos utilizando larvicidas biol\u00f3gicos, carro fumac\u00ea e visitas domiciliares nos bairros onde h\u00e1 mais notifica\u00e7\u00f5es de dengue ou reclama\u00e7\u00f5es pelo 156.\n                    <\/p>\n<p>\n                      Em uma a\u00e7\u00e3o pioneira no Estado, a Secretaria de Sa\u00fade de Vit\u00f3ria informatizou o trabalho dos Agentes de Combate a Endemias (ACE), que come\u00e7aram a utilizar tablets nas visitas domiciliares. Antes, o servi\u00e7o era feito manualmente como o preenchimento dos boletins di\u00e1rios.\n                    <\/p>\n<p>\n                      Com a utiliza\u00e7\u00e3o dos tablets, os Agentes passam a cadastrar os im\u00f3veis do munic\u00edpio e a cada visita registrar digitalmente os dep\u00f3sitos inspecionados, informando tamb\u00e9m os que foram tratados e onde foram encontrados focos, condensando todas essas informa\u00e7\u00f5es atrav\u00e9s de relat\u00f3rios. Com a informatiza\u00e7\u00e3o do trabalho de campo, os im\u00f3veis de risco agora s\u00e3o georreferenciados com a elabora\u00e7\u00e3o de um mapa de calor que traz maior celeridade nas a\u00e7\u00f5es.\n                    <\/p>\n<p>\n                      Desde mar\u00e7o de 2023, Vit\u00f3ria passou a utilizar tamb\u00e9m drones para mapear im\u00f3veis onde h\u00e1 dificuldade do ingresso dos ACEs ou para identificar os poss\u00edveis focos do mosquito em locais de dif\u00edcil acesso para os profissionais. A partir das imagens, \u00e9 feito um plano de acesso e roteiro para vistoria dos im\u00f3veis mapeados pelos agentes para identificarem poss\u00edveis criadouros e fazerem a elimina\u00e7\u00e3o, o tratamento focal e o trabalho de educa\u00e7\u00e3o em sa\u00fade.\n                    <\/p>\n<p>\n                      Entre as principais a\u00e7\u00f5es de rotina di\u00e1ria, est\u00e3o as vistorias e controle de larvas nos charcos, \u00e1reas alagadas, vistoria e controle de larvas em bueiros e pequenos criadouros, telagem das caixas d&#8217;\u00e1gua, controle de larvas em obras e carro fumac\u00ea. Al\u00e9m disso, foram intensificadas as a\u00e7\u00f5es educativas de preven\u00e7\u00e3o \u00e0 dengue.\n                    <\/p>\n<p>\n                      Em Vit\u00f3ria, todas as 29 unidades de sa\u00fade e os dois prontos atendimentos est\u00e3o equipados com materiais, medicamentos e insumos para atender a popula\u00e7\u00e3o. Al\u00e9m disso, seis unidades (Maria Ortiz, Praia do Su\u00e1, Conquista, Maru\u00edpe, Jardim Camburi e Santo Ant\u00f4nio) funcionam todos os dias da semana, inclusive aos s\u00e1bados, domingos e feriados, para atendimentos.\n                    <\/p>\n<p>                      Dados<\/p>\n<p>\n                      At\u00e9 o in\u00edcio de novembro deste ano, Vit\u00f3ria registrou 5.814 casos suspeitos de dengue. No Esp\u00edrito Santo, s\u00e3o 32,5 mil casos prov\u00e1veis de dengue e, no Brasil, 1,6 milh\u00e3o de poss\u00edveis casos da doen\u00e7a.\n                    <\/p>\n<p>                      Preven\u00e7\u00e3o<\/p>\n<p>\n                      Vit\u00f3ria disponibiliza a vacina\u00e7\u00e3o contra a dengue, por demanda espont\u00e2nea ou por agendamento, durante todos os dias da semana, inclusive aos s\u00e1bados e feriados, nas salas de vacina\u00e7\u00e3o das Unidades B\u00e1sicas de Sa\u00fade.\n                    <\/p>\n<p>\n                      Segundo os especialistas, a melhor forma de se proteger contra a dengue, zika e chikungunya \u00e9 evitar o ac\u00famulo de \u00e1gua parada e manter ambientes limpos e protegidos. De acordo com o Minist\u00e9rio da Sa\u00fade, cerca de 80% dos focos de mosquito est\u00e3o dentro das resid\u00eancias. Por esse motivo, \u00e9 fundamental que a popula\u00e7\u00e3o esteja atenta e ativa na ado\u00e7\u00e3o de medidas para evitar a prolifera\u00e7\u00e3o do mosquito transmissor dentro de casa e receba a visita dos agentes de combates as endemias nos im\u00f3veis.\n                    <\/p>\n<p>\n                      As principais orienta\u00e7\u00f5es para a popula\u00e7\u00e3o se proteger do Aedes aegypti incluem evitar o ac\u00famulo de \u00e1gua parada e manter ambientes limpos e protegidos:\n                    <\/p>\n<ul>\n<li>Cuidado com os pratinhos dos vasos de plantas. Se puder, elimine-os. Mas se tiver de mant\u00ea-los, cubra-os com areia para evitar que a \u00e1gua fique acumulada;\n                      <\/li>\n<li>Mantenha os ton\u00e9is de \u00e1gua e caixas d&#8217;\u00e1gua sempre cobertos;\n                      <\/li>\n<li>Procure deixar o lixo protegido da chuva para evitar ac\u00famulo de \u00e1gua e, consequentemente, criadouros para mosquitos;\n                      <\/li>\n<li>Mantenha os ralos fechados.\n                      <\/li>\n<\/ul>\n<p>\n                      <a href=\"chrome-extension:\/\/efaidnbmnnnibpcajpcglclefindmkaj\/https:\/\/vitoria.es.gov.br\/download.php?tipo=1&amp;id=3374\" rel=\"nofollow\">Confira aqui o checklist que a Prefeitura de Vit\u00f3ria preparou para ajudar a popula\u00e7\u00e3o nessa importante tarefa<\/a>\n                    <\/p>\n","protected":false},"excerpt":{"rendered":"Sa\u00fade de Vit\u00f3ria intensifica a\u00e7\u00f5es de combate \u00e0 dengue neste m\u00eas de novembro Publicada em 17\/11\/2025, \u00e0s 16h20&hellip;\n","protected":false},"author":2,"featured_media":155959,"comment_status":"","ping_status":"","sticky":false,"template":"","format":"standard","meta":{"footnotes":""},"categories":[86],"tags":[1896,5723,33517,33518,950,21159,1891,33522,33521,116,33519,33520,32,33,117,33523,10214],"class_list":{"0":"post-155958","1":"post","2":"type-post","3":"status-publish","4":"format-standard","5":"has-post-thumbnail","7":"category-saude","8":"tag-aedes-aegypti","9":"tag-arbovirose","10":"tag-cmei","11":"tag-cmei-cida-barreto","12":"tag-crianca","13":"tag-cvsa","14":"tag-dengue","15":"tag-educacao-em-saude","16":"tag-gincana-contra-a-dengue","17":"tag-health","18":"tag-jardim-da-penha","19":"tag-mobilizacao-vitoria-sem-dengue","20":"tag-portugal","21":"tag-pt","22":"tag-saude","23":"tag-seme","24":"tag-semus"},"share_on_mastodon":{"url":"https:\/\/pubeurope.com\/@pt\/115568192151617842","error":""},"_links":{"self":[{"href":"https:\/\/www.europesays.com\/pt\/wp-json\/wp\/v2\/posts\/155958","targetHints":{"allow":["GET"]}}],"collection":[{"href":"https:\/\/www.europesays.com\/pt\/wp-json\/wp\/v2\/posts"}],"about":[{"href":"https:\/\/www.europesays.com\/pt\/wp-json\/wp\/v2\/types\/post"}],"author":[{"embeddable":true,"href":"https:\/\/www.europesays.com\/pt\/wp-json\/wp\/v2\/users\/2"}],"replies":[{"embeddable":true,"href":"https:\/\/www.europesays.com\/pt\/wp-json\/wp\/v2\/comments?post=155958"}],"version-history":[{"count":0,"href":"https:\/\/www.europesays.com\/pt\/wp-json\/wp\/v2\/posts\/155958\/revisions"}],"wp:featuredmedia":[{"embeddable":true,"href":"https:\/\/www.europesays.com\/pt\/wp-json\/wp\/v2\/media\/155959"}],"wp:attachment":[{"href":"https:\/\/www.europesays.com\/pt\/wp-json\/wp\/v2\/media?parent=155958"}],"wp:term":[{"taxonomy":"category","embeddable":true,"href":"https:\/\/www.europesays.com\/pt\/wp-json\/wp\/v2\/categories?post=155958"},{"taxonomy":"post_tag","embeddable":true,"href":"https:\/\/www.europesays.com\/pt\/wp-json\/wp\/v2\/tags?post=155958"}],"curies":[{"name":"wp","href":"https:\/\/api.w.org\/{rel}","templated":true}]}}