{"id":155961,"date":"2025-11-18T01:56:12","date_gmt":"2025-11-18T01:56:12","guid":{"rendered":"https:\/\/www.europesays.com\/pt\/155961\/"},"modified":"2025-11-18T01:56:12","modified_gmt":"2025-11-18T01:56:12","slug":"confira-atualizacao-do-estado-de-saude-de-galvao-bueno","status":"publish","type":"post","link":"https:\/\/www.europesays.com\/pt\/155961\/","title":{"rendered":"Confira atualiza\u00e7\u00e3o do estado de sa\u00fade de Galv\u00e3o Bueno"},"content":{"rendered":"<p>Galv\u00e3o Bueno est\u00e1 internado no Hospital S\u00edrio-Liban\u00eas, em S\u00e3o Paulo, desde s\u00e1bado (15), por causa de uma pneumonia viral. O quadro n\u00e3o \u00e9 grave e ele j\u00e1 apresentou melhoras. De acordo com a assessoria de imprensa do comunicador de 75 anos, a equipe m\u00e9dica deve conceder alta &#8220;em breve&#8221;.<\/p>\n<p>O narrador e apresentador n\u00e3o estava se sentindo bem, por isso foi ao hospital para fazer um check-up, onde a infec\u00e7\u00e3o, causada pelo v\u00edrus da gripe, foi descoberta.<\/p>\n<p>Por causa do problema de sa\u00fade, Galv\u00e3o n\u00e3o apresenta o programa Galv\u00e3o e Amigos nesta segunda-feira (17), mas a expectativa \u00e9 que esteja apto a voltar ao comando da atra\u00e7\u00e3o da Band na semana que vem.<\/p>\n<p>Ele j\u00e1 havia se ausentado da transmiss\u00e3o da goleada por 5 a 1 do Flamengo sobre o Sport, jogo para o qual estava escalado como narrador pela Amazon Prime V\u00eddeo, no s\u00e1bado (15), dia da interna\u00e7\u00e3o. Galv\u00e3o foi substitu\u00eddo por R\u00f4mulo Mendon\u00e7a.<\/p>\n<p>Em 2026, Galv\u00e3o Bueno vai narrar, no SBT e na NSports, a Copa do Mundo. O acordo, oficializado no final de outubro, garante a transmiss\u00e3o de 32 partidas do torneio. Ser\u00e1 a 14\u00aa participa\u00e7\u00e3o consecutiva do carioca em um Mundial.<\/p>\n","protected":false},"excerpt":{"rendered":"Galv\u00e3o Bueno est\u00e1 internado no Hospital S\u00edrio-Liban\u00eas, em S\u00e3o Paulo, desde s\u00e1bado (15), por causa de uma pneumonia&hellip;\n","protected":false},"author":2,"featured_media":155962,"comment_status":"","ping_status":"","sticky":false,"template":"","format":"standard","meta":{"footnotes":""},"categories":[145],"tags":[211,210,114,115,8430,6023,2879,32,33,117],"class_list":{"0":"post-155961","1":"post","2":"type-post","3":"status-publish","4":"format-standard","5":"has-post-thumbnail","7":"category-celebridades","8":"tag-celebridades","9":"tag-celebrities","10":"tag-entertainment","11":"tag-entretenimento","12":"tag-galvao-bueno","13":"tag-internacao","14":"tag-pneumonia","15":"tag-portugal","16":"tag-pt","17":"tag-saude"},"share_on_mastodon":{"url":"https:\/\/pubeurope.com\/@pt\/115568219440022845","error":""},"_links":{"self":[{"href":"https:\/\/www.europesays.com\/pt\/wp-json\/wp\/v2\/posts\/155961","targetHints":{"allow":["GET"]}}],"collection":[{"href":"https:\/\/www.europesays.com\/pt\/wp-json\/wp\/v2\/posts"}],"about":[{"href":"https:\/\/www.europesays.com\/pt\/wp-json\/wp\/v2\/types\/post"}],"author":[{"embeddable":true,"href":"https:\/\/www.europesays.com\/pt\/wp-json\/wp\/v2\/users\/2"}],"replies":[{"embeddable":true,"href":"https:\/\/www.europesays.com\/pt\/wp-json\/wp\/v2\/comments?post=155961"}],"version-history":[{"count":0,"href":"https:\/\/www.europesays.com\/pt\/wp-json\/wp\/v2\/posts\/155961\/revisions"}],"wp:featuredmedia":[{"embeddable":true,"href":"https:\/\/www.europesays.com\/pt\/wp-json\/wp\/v2\/media\/155962"}],"wp:attachment":[{"href":"https:\/\/www.europesays.com\/pt\/wp-json\/wp\/v2\/media?parent=155961"}],"wp:term":[{"taxonomy":"category","embeddable":true,"href":"https:\/\/www.europesays.com\/pt\/wp-json\/wp\/v2\/categories?post=155961"},{"taxonomy":"post_tag","embeddable":true,"href":"https:\/\/www.europesays.com\/pt\/wp-json\/wp\/v2\/tags?post=155961"}],"curies":[{"name":"wp","href":"https:\/\/api.w.org\/{rel}","templated":true}]}}