{"id":155963,"date":"2025-11-18T02:06:11","date_gmt":"2025-11-18T02:06:11","guid":{"rendered":"https:\/\/www.europesays.com\/pt\/155963\/"},"modified":"2025-11-18T02:06:11","modified_gmt":"2025-11-18T02:06:11","slug":"jack-black-publica-video-nas-redes-sociais-do-longa-veja","status":"publish","type":"post","link":"https:\/\/www.europesays.com\/pt\/155963\/","title":{"rendered":"Jack Black publica v\u00eddeo nas redes sociais do longa; veja"},"content":{"rendered":"<p>  <img decoding=\"async\" src=\"https:\/\/cdn.ome.lt\/static\/omelete\/img\/loading.svg\" alt=\"\"\/><\/p>\n<p>  <img decoding=\"async\" class=\"article__cover__image\" data-lazy-src-mob=\"\/\/cdn.ome.lt\/ukycSb1UIXvkhrGNjW6X6RVy6sQ=\/570x0\/smart\/filters:format(webp)\/uploads\/conteudo\/fotos\/omelete_THUMB_-_2025-10-10T123837.505.webp\" data-lazy-src=\"https:\/\/cdn.ome.lt\/ieSbF68Dj3wAlQWRFYVtL-z7Ym0=\/987x0\/smart\/filters:format(webp)\/uploads\/conteudo\/fotos\/omelete_THUMB_-_2025-10-10T123837.505.webp\" src=\"data:image\/png;base64,iVBORw0KGgoAAAANSUhEUgAAAAEAAAABCAQAAAC1HAwCAAAAC0lEQVR42mNkYAAAAAYAAjCB0C8AAAAASUVORK5CYII=\" alt=\"Jack Black Anaconda\" title=\"Jack Black Anaconda\" width=\"987\" height=\"555\" fetchpriority=\"high\"\/><\/p>\n<p class=\"article__cover__credits\">\n  Cr\u00e9ditos da imagem:<br \/>\n  Reprodu\u00e7\u00e3o\n<\/p>\n<p>O cantor e ator\u00a0<strong>Jack Black\u00a0<\/strong>participou de mais um v\u00eddeo dos bastidores de\u00a0<strong>Anaconda<\/strong>,\u00a0novo filme que est\u00e1 fazendo ao lado de\u00a0<strong>Paul Rudd\u00a0<\/strong>e\u00a0<strong>Selton Mello<\/strong>.\u00a0<\/p>\n<p>No v\u00eddeo, o cantor canta uma m\u00fasica misteriosa e que est\u00e1 relacionada a cobras, brincando com o tema do filme. Como o v\u00eddeo n\u00e3o tem som, n\u00e3o d\u00e1 para ter algum tipo de dica sobre qual seria a m\u00fasica, mas provavelmente em breve ela deve ser revelada.\u00a0<\/p>\n<p>            Continua depois da Publicidade<\/p>\n<p>    Qual \u00e9 a hist\u00f3ria do novo\u00a0Anaconda?<\/p>\n<p>O novo longa envolve um grupo de amigos sofrendo com uma crise de meia-idade. Para sair da mesma, eles resolvem finalmente realizar seu sonho e fazer um reboot do seu filme preferido da juventude:\u00a0Anaconda. Quando eles chegam na floresta, eles acabam tendo que enfrentar desastres naturais reais, criminosos violentos, e obviamente, cobras gigantes.<\/p>\n<p>Jack Black interpretar\u00e1 um antigo diretor, um homem preso em seu trabalho como cinegrafista de casamento, enquanto Paul Rudd interpretar\u00e1 um ator que fez uma temporada em um programa policial, mas v\u00ea seus sonhos de Hollywood se distanciando cada vez mais. O novo\u00a0Anaconda tem estreia marcada para o dia 25 de dezembro.<\/p>\n<p>            Continua depois da Publicidade<\/p>\n<p><a href=\"https:\/\/familiabraz.com.br\/braz-pizzaria\" rel=\"nofollow noopener sponsored\" target=\"_blank\"><\/p>\n<p><\/a><a href=\"https:\/\/familiabraz.com.br\/braz-pizzaria\" rel=\"nofollow noopener sponsored\" target=\"_blank\" title=\"A 4\u00aa Pizzaria Melhor do Mundo!\"> <\/a><\/p>\n<p>A 4\u00aa Pizzaria Melhor do Mundo!<\/p>\n<p>\u00a0<\/p>\n<p>\u00a0<\/p>\n<p>\u00a0<\/p>\n<p>\u00a0<\/p>\n<p><a href=\"https:\/\/www.mitsubishimotors.com.br\/picapes\/nova-triton\" rel=\"nofollow noopener sponsored\" target=\"_blank\"><\/p>\n<p><\/a><a href=\"https:\/\/www.mitsubishimotors.com.br\/picapes\/nova-triton\" rel=\"nofollow noopener sponsored\" target=\"_blank\" title=\"Viva um novo mundo que espera por voc\u00ea!\"> <\/a><\/p>\n<p>Viva um novo mundo que espera por voc\u00ea!<\/p>\n<p>\u00a0<\/p>\n<p>\u00a0<\/p>\n<p>\u00a0<\/p>\n<p>\u00a0<\/p>\n<p><a href=\"https:\/\/exame.com\/negocios\/transicao-energetica-jovens-inovar\" rel=\"nofollow noopener sponsored\" target=\"_blank\"><\/p>\n<p><\/a><a href=\"https:\/\/exame.com\/negocios\/transicao-energetica-jovens-inovar\" rel=\"nofollow noopener sponsored\" target=\"_blank\" title=\"Transi\u00e7\u00e3o energ\u00e9tica abre espa\u00e7o para jovens que querem inovar\"> <\/a><\/p>\n<p>Transi\u00e7\u00e3o energ\u00e9tica abre espa\u00e7o para jovens que querem inovar<\/p>\n<p>\u00a0<\/p>\n<p>\u00a0<\/p>\n<p>\u00a0<\/p>\n<p>\u00a0<\/p>\n<p>\u00a0<\/p>\n","protected":false},"excerpt":{"rendered":"Cr\u00e9ditos da imagem: Reprodu\u00e7\u00e3o O cantor e ator\u00a0Jack Black\u00a0participou de mais um v\u00eddeo dos bastidores de\u00a0Anaconda,\u00a0novo filme que&hellip;\n","protected":false},"author":2,"featured_media":155964,"comment_status":"","ping_status":"","sticky":false,"template":"","format":"standard","meta":{"footnotes":""},"categories":[140],"tags":[114,115,147,148,146,32,33],"class_list":{"0":"post-155963","1":"post","2":"type-post","3":"status-publish","4":"format-standard","5":"has-post-thumbnail","7":"category-filmes","8":"tag-entertainment","9":"tag-entretenimento","10":"tag-film","11":"tag-filmes","12":"tag-movies","13":"tag-portugal","14":"tag-pt"},"share_on_mastodon":{"url":"https:\/\/pubeurope.com\/@pt\/115568258961605995","error":""},"_links":{"self":[{"href":"https:\/\/www.europesays.com\/pt\/wp-json\/wp\/v2\/posts\/155963","targetHints":{"allow":["GET"]}}],"collection":[{"href":"https:\/\/www.europesays.com\/pt\/wp-json\/wp\/v2\/posts"}],"about":[{"href":"https:\/\/www.europesays.com\/pt\/wp-json\/wp\/v2\/types\/post"}],"author":[{"embeddable":true,"href":"https:\/\/www.europesays.com\/pt\/wp-json\/wp\/v2\/users\/2"}],"replies":[{"embeddable":true,"href":"https:\/\/www.europesays.com\/pt\/wp-json\/wp\/v2\/comments?post=155963"}],"version-history":[{"count":0,"href":"https:\/\/www.europesays.com\/pt\/wp-json\/wp\/v2\/posts\/155963\/revisions"}],"wp:featuredmedia":[{"embeddable":true,"href":"https:\/\/www.europesays.com\/pt\/wp-json\/wp\/v2\/media\/155964"}],"wp:attachment":[{"href":"https:\/\/www.europesays.com\/pt\/wp-json\/wp\/v2\/media?parent=155963"}],"wp:term":[{"taxonomy":"category","embeddable":true,"href":"https:\/\/www.europesays.com\/pt\/wp-json\/wp\/v2\/categories?post=155963"},{"taxonomy":"post_tag","embeddable":true,"href":"https:\/\/www.europesays.com\/pt\/wp-json\/wp\/v2\/tags?post=155963"}],"curies":[{"name":"wp","href":"https:\/\/api.w.org\/{rel}","templated":true}]}}